{"id":19539,"date":"2026-03-15T21:17:13","date_gmt":"2026-03-15T20:17:13","guid":{"rendered":"https:\/\/www.anne-frank-gymnasium.de\/?p=19539"},"modified":"2026-03-15T21:36:40","modified_gmt":"2026-03-15T20:36:40","slug":"grossartiger-erfolg-fuer-afg-schueler-beim-regionalwettbewerb-jugend-debattiert","status":"publish","type":"post","link":"https:\/\/www.anne-frank-gymnasium.de\/?p=19539","title":{"rendered":"Gro\u00dfartiger Erfolg f\u00fcr AFG-Sch\u00fcler beim Regionalwettbewerb \u201eJugend debattiert\u201c"},"content":{"rendered":"<p><a href=\"https:\/\/www.anne-frank-gymnasium.de\/wp-content\/uploads\/2026\/03\/IMG-20260306-WA0002.jpg\"><img loading=\"lazy\" decoding=\"async\" class=\"aligncenter wp-image-19540 size-large\" src=\"https:\/\/www.anne-frank-gymnasium.de\/wp-content\/uploads\/2026\/03\/IMG-20260306-WA0002-e1773605817355-1024x640.jpg\" alt=\"\" width=\"870\" height=\"544\" srcset=\"https:\/\/www.anne-frank-gymnasium.de\/wp-content\/uploads\/2026\/03\/IMG-20260306-WA0002-e1773605817355-1024x640.jpg 1024w, https:\/\/www.anne-frank-gymnasium.de\/wp-content\/uploads\/2026\/03\/IMG-20260306-WA0002-e1773605817355-300x188.jpg 300w, https:\/\/www.anne-frank-gymnasium.de\/wp-content\/uploads\/2026\/03\/IMG-20260306-WA0002-e1773605817355-768x480.jpg 768w, https:\/\/www.anne-frank-gymnasium.de\/wp-content\/uploads\/2026\/03\/IMG-20260306-WA0002-e1773605817355-1536x960.jpg 1536w, https:\/\/www.anne-frank-gymnasium.de\/wp-content\/uploads\/2026\/03\/IMG-20260306-WA0002-e1773605817355-870x544.jpg 870w, https:\/\/www.anne-frank-gymnasium.de\/wp-content\/uploads\/2026\/03\/IMG-20260306-WA0002-e1773605817355.jpg 1600w\" sizes=\"auto, (max-width: 870px) 100vw, 870px\" \/><\/a><\/p>\n<p>Unsere Sch\u00fclersprecherin <strong>Nele Paesch<\/strong> (Q1) ist die Siegerin des Regionalwettbewerbs \u201eJugend debattiert\u201c in der Altersgruppe II im Jahr 2026! Nachdem sie sich bereits in den letzten beiden Jahren f\u00fcr das Finale qualifiziert hatte, konnte sie diese Leistung in diesem Jahr beim Regionalwettbewerb in Alsdorf wiederholen und \u00fcberzeugte danach beim gro\u00dfen Finale im AFG die Juroren in der Finaldebatte zur Frage, ob eine Kontaktgeb\u00fchr f\u00fcr Arztbesuche eingef\u00fchrt werden soll, auf der Contra-1-Position. Damit vertritt sie unsere Region beim Landeswettbewerb in Bochum.<\/p>\n<p>Das erfolgreiche Abschneiden unserer Schule vervollst\u00e4ndigte <strong>Ben Bosman<\/strong> (10a), der in der Altersgruppe I debattierte. Nachdem er sich zuvor bereits beim Turnier der 36 Schulsieger aus unser Region zwischen Erkelenz und Monschau durchgesetzt hatte, konnte er im Finale zur Streitfrage, ob f\u00fcr Pr\u00fcfungen in der Oberstufe KI-Anwendungen erlaubt werden d\u00fcrfen, ebenfalls \u00fcberzeugen und belegte den zweiten Platz. Damit qualifizierte er sich ebenfalls f\u00fcr den Landeswettbewerb in seiner Altersstufe. &#8211; Wir gratulieren Nele und Ben herzlich und dr\u00fccken die Daumen f\u00fcr den Landeswettbewerb!<\/p>\n<p>Zu den Gratulanten geh\u00f6rten neben Mitsch\u00fclern, Familien und Freunden auch unser Oberb\u00fcrgermeister Michael Ziemons, die Vizepr\u00e4sidentin des Europ\u00e4ischen Parlamentes, Sabine Verheyen, Karin Schmitt-Promny als Vertreterin der St\u00e4dteregion, die Landtagsabgeordnete Laura Postma sowie dieBezirksvertreter von Laurensberg und Richterich, Alexander Gilson und Hans-Peter Kehr.<\/p>\n","protected":false},"excerpt":{"rendered":"<p><a href=\"https:\/\/www.anne-frank-gymnasium.de\/wp-content\/uploads\/2026\/03\/IMG-20260306-WA0002.jpg\"><\/a><\/p>\n<p>Unsere Sch\u00fclersprecherin Nele Paesch (Q1) ist die Siegerin des Regionalwettbewerbs \u201eJugend debattiert\u201c in der Altersgruppe II im Jahr 2026! Nachdem sie sich bereits in den letzten beiden Jahren f\u00fcr das Finale qualifiziert hatte, konnte sie diese Leistung in diesem Jahr beim Regionalwettbewerb in Alsdorf wiederholen und \u00fcberzeugte danach beim gro\u00dfen Finale im AFG &hellip; <\/p>\n<p><a class=\"more-link btn\" href=\"https:\/\/www.anne-frank-gymnasium.de\/?p=19539\">Weiterlesen<\/a><\/p>\n","protected":false},"author":12,"featured_media":19551,"comment_status":"closed","ping_status":"closed","sticky":false,"template":"","format":"standard","meta":{"footnotes":""},"categories":[36,96,51],"tags":[],"class_list":["post-19539","post","type-post","status-publish","format-standard","has-post-thumbnail","hentry","category-slider","category-begabungsfoerderung","category-jugend-debattiert","nodate","item-wrap"],"_links":{"self":[{"href":"https:\/\/www.anne-frank-gymnasium.de\/index.php?rest_route=\/wp\/v2\/posts\/19539","targetHints":{"allow":["GET"]}}],"collection":[{"href":"https:\/\/www.anne-frank-gymnasium.de\/index.php?rest_route=\/wp\/v2\/posts"}],"about":[{"href":"https:\/\/www.anne-frank-gymnasium.de\/index.php?rest_route=\/wp\/v2\/types\/post"}],"author":[{"embeddable":true,"href":"https:\/\/www.anne-frank-gymnasium.de\/index.php?rest_route=\/wp\/v2\/users\/12"}],"replies":[{"embeddable":true,"href":"https:\/\/www.anne-frank-gymnasium.de\/index.php?rest_route=%2Fwp%2Fv2%2Fcomments&post=19539"}],"version-history":[{"count":2,"href":"https:\/\/www.anne-frank-gymnasium.de\/index.php?rest_route=\/wp\/v2\/posts\/19539\/revisions"}],"predecessor-version":[{"id":19542,"href":"https:\/\/www.anne-frank-gymnasium.de\/index.php?rest_route=\/wp\/v2\/posts\/19539\/revisions\/19542"}],"wp:featuredmedia":[{"embeddable":true,"href":"https:\/\/www.anne-frank-gymnasium.de\/index.php?rest_route=\/wp\/v2\/media\/19551"}],"wp:attachment":[{"href":"https:\/\/www.anne-frank-gymnasium.de\/index.php?rest_route=%2Fwp%2Fv2%2Fmedia&parent=19539"}],"wp:term":[{"taxonomy":"category","embeddable":true,"href":"https:\/\/www.anne-frank-gymnasium.de\/index.php?rest_route=%2Fwp%2Fv2%2Fcategories&post=19539"},{"taxonomy":"post_tag","embeddable":true,"href":"https:\/\/www.anne-frank-gymnasium.de\/index.php?rest_route=%2Fwp%2Fv2%2Ftags&post=19539"}],"curies":[{"name":"wp","href":"https:\/\/api.w.org\/{rel}","templated":true}]}}