{"id":19309,"date":"2026-01-25T18:04:33","date_gmt":"2026-01-25T17:04:33","guid":{"rendered":"https:\/\/www.anne-frank-gymnasium.de\/?p=19309"},"modified":"2026-01-25T18:06:23","modified_gmt":"2026-01-25T17:06:23","slug":"skifahrt-nach-flirsch-anreise-und-erste-skitage","status":"publish","type":"post","link":"https:\/\/www.anne-frank-gymnasium.de\/?p=19309","title":{"rendered":"Skifahrt der 9er nach Flirsch &#8211; Anreise und erste Skitage"},"content":{"rendered":"<p><a href=\"https:\/\/www.anne-frank-gymnasium.de\/wp-content\/uploads\/2026\/01\/Screenshot_20260122_195244_Gallery.jpg\"><img loading=\"lazy\" decoding=\"async\" class=\"aligncenter wp-image-19312 size-large\" src=\"https:\/\/www.anne-frank-gymnasium.de\/wp-content\/uploads\/2026\/01\/Screenshot_20260122_195244_Gallery-e1769360553973-1024x577.jpg\" alt=\"\" width=\"870\" height=\"490\" srcset=\"https:\/\/www.anne-frank-gymnasium.de\/wp-content\/uploads\/2026\/01\/Screenshot_20260122_195244_Gallery-e1769360553973-1024x577.jpg 1024w, https:\/\/www.anne-frank-gymnasium.de\/wp-content\/uploads\/2026\/01\/Screenshot_20260122_195244_Gallery-e1769360553973-300x169.jpg 300w, https:\/\/www.anne-frank-gymnasium.de\/wp-content\/uploads\/2026\/01\/Screenshot_20260122_195244_Gallery-e1769360553973-768x433.jpg 768w, https:\/\/www.anne-frank-gymnasium.de\/wp-content\/uploads\/2026\/01\/Screenshot_20260122_195244_Gallery-e1769360553973-870x490.jpg 870w, https:\/\/www.anne-frank-gymnasium.de\/wp-content\/uploads\/2026\/01\/Screenshot_20260122_195244_Gallery-e1769360553973.jpg 1432w\" sizes=\"auto, (max-width: 870px) 100vw, 870px\" \/><\/a><\/p>\n<p>Am fr\u00fchen Morgen machten wir uns mit dem Bus auf den Weg zu unserer Skifahrt nach Flirsch. Die Anreise verlief entspannt und alle hatten gro\u00dfe Vorfreude auf die kommenden Tage im Schnee. Nach der Ankunftbezogen wir unsere Zimmer und konnten uns einrichten. Wir waren alle sehr m\u00fcde von der Busfahrt und sind deswegen sehr fr\u00fch schlafen gegangen.<\/p>\n<p><!--more--><a href=\"https:\/\/www.anne-frank-gymnasium.de\/wp-content\/uploads\/2026\/01\/IMG-20260122-WA0152.jpg\"><img loading=\"lazy\" decoding=\"async\" class=\" wp-image-19311 alignright\" src=\"https:\/\/www.anne-frank-gymnasium.de\/wp-content\/uploads\/2026\/01\/IMG-20260122-WA0152-576x1024.jpg\" alt=\"\" width=\"267\" height=\"475\" srcset=\"https:\/\/www.anne-frank-gymnasium.de\/wp-content\/uploads\/2026\/01\/IMG-20260122-WA0152-576x1024.jpg 576w, https:\/\/www.anne-frank-gymnasium.de\/wp-content\/uploads\/2026\/01\/IMG-20260122-WA0152-169x300.jpg 169w, https:\/\/www.anne-frank-gymnasium.de\/wp-content\/uploads\/2026\/01\/IMG-20260122-WA0152.jpg 750w\" sizes=\"auto, (max-width: 267px) 100vw, 267px\" \/><\/a>Der Tagesablauf w\u00e4hrend unserer Skifahrt ist gut strukturiert. Morgens gibt es um 7:30 UhrFr\u00fchst\u00fcck,damit wir gest\u00e4rkt in den Tag starten k\u00f6nnen. Um 8:30 Uhr fahren wir mit dem Bus gemeinsam ins Skigebiet. Dort verbringen wir den Vormittag auf den Pisten, \u00fcben an unserer Technik und haben viel Spa\u00df beim Skifahren.<\/p>\n<p>Um 12:00 Uhr machen wir Mittagspause auf einer H\u00fctte, wo wir uns aufw\u00e4rmen, neue Energie sammeln und etwas essen k\u00f6nnen. Am Nachmittag geht es weiter auf die Piste, bevor wir um 15:00 Uhr mit dem Bus zur\u00fcck zur Unterkunft fahren.<\/p>\n<p>Das Abendessen findet um 17:45 Uhr statt. Danach haben wir Freizeit, die wir zum Ausruhen, f\u00fcr Spieleoder zum Zusammensitzen nutzen. Um 21:30 Uhr m\u00fcssen alle auf ihren Zimmern sein, damit wir gen\u00fcgend Schlaf f\u00fcr den n\u00e4chsten Skitag bekommen.<\/p>\n<p>Die ersten beiden Tage waren bereits ein voller Erfolg: tolles Wetter, gute Stimmung und viele sch\u00f6ne Erlebnisse im Schnee. Wir freuen uns schon auf die kommenden Tage unserer Skifahrt in Flirsch!<\/p>\n<p>Lotta, Sarah und Mia (9c)<\/p>\n<p><a href=\"https:\/\/www.anne-frank-gymnasium.de\/wp-content\/uploads\/2026\/01\/IMG-20260122-WA0006.jpg\"><img loading=\"lazy\" decoding=\"async\" class=\"aligncenter wp-image-19310 size-large\" src=\"https:\/\/www.anne-frank-gymnasium.de\/wp-content\/uploads\/2026\/01\/IMG-20260122-WA0006-e1769360527882-1024x577.jpg\" alt=\"\" width=\"870\" height=\"490\" srcset=\"https:\/\/www.anne-frank-gymnasium.de\/wp-content\/uploads\/2026\/01\/IMG-20260122-WA0006-e1769360527882-1024x577.jpg 1024w, https:\/\/www.anne-frank-gymnasium.de\/wp-content\/uploads\/2026\/01\/IMG-20260122-WA0006-e1769360527882-300x169.jpg 300w, https:\/\/www.anne-frank-gymnasium.de\/wp-content\/uploads\/2026\/01\/IMG-20260122-WA0006-e1769360527882-768x433.jpg 768w, https:\/\/www.anne-frank-gymnasium.de\/wp-content\/uploads\/2026\/01\/IMG-20260122-WA0006-e1769360527882-1536x866.jpg 1536w, https:\/\/www.anne-frank-gymnasium.de\/wp-content\/uploads\/2026\/01\/IMG-20260122-WA0006-e1769360527882-870x490.jpg 870w, https:\/\/www.anne-frank-gymnasium.de\/wp-content\/uploads\/2026\/01\/IMG-20260122-WA0006-e1769360527882.jpg 2048w\" sizes=\"auto, (max-width: 870px) 100vw, 870px\" \/><\/a><\/p>\n<p><a href=\"https:\/\/www.anne-frank-gymnasium.de\/wp-content\/uploads\/2026\/01\/IMG-20260122-WA0149.jpg\"><img loading=\"lazy\" decoding=\"async\" class=\"size-large wp-image-19313 aligncenter\" src=\"https:\/\/www.anne-frank-gymnasium.de\/wp-content\/uploads\/2026\/01\/IMG-20260122-WA0149-1024x577.jpg\" alt=\"\" width=\"870\" height=\"490\" srcset=\"https:\/\/www.anne-frank-gymnasium.de\/wp-content\/uploads\/2026\/01\/IMG-20260122-WA0149-1024x577.jpg 1024w, https:\/\/www.anne-frank-gymnasium.de\/wp-content\/uploads\/2026\/01\/IMG-20260122-WA0149-300x169.jpg 300w, https:\/\/www.anne-frank-gymnasium.de\/wp-content\/uploads\/2026\/01\/IMG-20260122-WA0149-768x432.jpg 768w, https:\/\/www.anne-frank-gymnasium.de\/wp-content\/uploads\/2026\/01\/IMG-20260122-WA0149-1536x865.jpg 1536w, https:\/\/www.anne-frank-gymnasium.de\/wp-content\/uploads\/2026\/01\/IMG-20260122-WA0149-870x490.jpg 870w, https:\/\/www.anne-frank-gymnasium.de\/wp-content\/uploads\/2026\/01\/IMG-20260122-WA0149.jpg 2048w\" sizes=\"auto, (max-width: 870px) 100vw, 870px\" \/><\/a><\/p>\n<p><a href=\"https:\/\/www.anne-frank-gymnasium.de\/wp-content\/uploads\/2026\/01\/IMG-20260122-WA0150.jpg\"><img loading=\"lazy\" decoding=\"async\" class=\"alignnone size-large wp-image-19314\" src=\"https:\/\/www.anne-frank-gymnasium.de\/wp-content\/uploads\/2026\/01\/IMG-20260122-WA0150-1024x577.jpg\" alt=\"\" width=\"870\" height=\"490\" srcset=\"https:\/\/www.anne-frank-gymnasium.de\/wp-content\/uploads\/2026\/01\/IMG-20260122-WA0150-1024x577.jpg 1024w, https:\/\/www.anne-frank-gymnasium.de\/wp-content\/uploads\/2026\/01\/IMG-20260122-WA0150-300x169.jpg 300w, https:\/\/www.anne-frank-gymnasium.de\/wp-content\/uploads\/2026\/01\/IMG-20260122-WA0150-768x432.jpg 768w, https:\/\/www.anne-frank-gymnasium.de\/wp-content\/uploads\/2026\/01\/IMG-20260122-WA0150-1536x865.jpg 1536w, https:\/\/www.anne-frank-gymnasium.de\/wp-content\/uploads\/2026\/01\/IMG-20260122-WA0150-870x490.jpg 870w, https:\/\/www.anne-frank-gymnasium.de\/wp-content\/uploads\/2026\/01\/IMG-20260122-WA0150.jpg 2048w\" sizes=\"auto, (max-width: 870px) 100vw, 870px\" \/><\/a><\/p>\n","protected":false},"excerpt":{"rendered":"<p><a href=\"https:\/\/www.anne-frank-gymnasium.de\/wp-content\/uploads\/2026\/01\/Screenshot_20260122_195244_Gallery.jpg\"><\/a><\/p>\n<p>Am fr\u00fchen Morgen machten wir uns mit dem Bus auf den Weg zu unserer Skifahrt nach Flirsch. Die Anreise verlief entspannt und alle hatten gro\u00dfe Vorfreude auf die kommenden Tage im Schnee. Nach der Ankunftbezogen wir unsere Zimmer und konnten uns einrichten. Wir waren alle sehr m\u00fcde von der Busfahrt und sind deswegen &hellip; <\/p>\n<p><a class=\"more-link btn\" href=\"https:\/\/www.anne-frank-gymnasium.de\/?p=19309\">Weiterlesen<\/a><\/p>\n","protected":false},"author":12,"featured_media":19312,"comment_status":"closed","ping_status":"closed","sticky":false,"template":"","format":"standard","meta":{"footnotes":""},"categories":[36,37,60,99],"tags":[],"class_list":["post-19309","post","type-post","status-publish","format-standard","has-post-thumbnail","hentry","category-slider","category-fach-sport","category-fahrten","category-schuelerinnen-schreiben","nodate","item-wrap"],"_links":{"self":[{"href":"https:\/\/www.anne-frank-gymnasium.de\/index.php?rest_route=\/wp\/v2\/posts\/19309","targetHints":{"allow":["GET"]}}],"collection":[{"href":"https:\/\/www.anne-frank-gymnasium.de\/index.php?rest_route=\/wp\/v2\/posts"}],"about":[{"href":"https:\/\/www.anne-frank-gymnasium.de\/index.php?rest_route=\/wp\/v2\/types\/post"}],"author":[{"embeddable":true,"href":"https:\/\/www.anne-frank-gymnasium.de\/index.php?rest_route=\/wp\/v2\/users\/12"}],"replies":[{"embeddable":true,"href":"https:\/\/www.anne-frank-gymnasium.de\/index.php?rest_route=%2Fwp%2Fv2%2Fcomments&post=19309"}],"version-history":[{"count":5,"href":"https:\/\/www.anne-frank-gymnasium.de\/index.php?rest_route=\/wp\/v2\/posts\/19309\/revisions"}],"predecessor-version":[{"id":19319,"href":"https:\/\/www.anne-frank-gymnasium.de\/index.php?rest_route=\/wp\/v2\/posts\/19309\/revisions\/19319"}],"wp:featuredmedia":[{"embeddable":true,"href":"https:\/\/www.anne-frank-gymnasium.de\/index.php?rest_route=\/wp\/v2\/media\/19312"}],"wp:attachment":[{"href":"https:\/\/www.anne-frank-gymnasium.de\/index.php?rest_route=%2Fwp%2Fv2%2Fmedia&parent=19309"}],"wp:term":[{"taxonomy":"category","embeddable":true,"href":"https:\/\/www.anne-frank-gymnasium.de\/index.php?rest_route=%2Fwp%2Fv2%2Fcategories&post=19309"},{"taxonomy":"post_tag","embeddable":true,"href":"https:\/\/www.anne-frank-gymnasium.de\/index.php?rest_route=%2Fwp%2Fv2%2Ftags&post=19309"}],"curies":[{"name":"wp","href":"https:\/\/api.w.org\/{rel}","templated":true}]}}