{"id":19211,"date":"2025-12-02T23:03:19","date_gmt":"2025-12-02T22:03:19","guid":{"rendered":"https:\/\/www.anne-frank-gymnasium.de\/?p=19211"},"modified":"2025-12-02T23:03:19","modified_gmt":"2025-12-02T22:03:19","slug":"vorlesewettbewerb-der-jahrgangsstufe-6-spannendes-finale-in-der-schulbibliothek","status":"publish","type":"post","link":"https:\/\/www.anne-frank-gymnasium.de\/?p=19211","title":{"rendered":"Vorlesewettbewerb der Jahrgangsstufe 6 \u2013 Spannendes Finale in der Schulbibliothek"},"content":{"rendered":"<p><a href=\"https:\/\/www.anne-frank-gymnasium.de\/wp-content\/uploads\/2025\/12\/Vorlesewettbewerb-scaled.jpg\"><img loading=\"lazy\" decoding=\"async\" class=\"alignnone wp-image-19210 size-full\" src=\"https:\/\/www.anne-frank-gymnasium.de\/wp-content\/uploads\/2025\/12\/Vorlesewettbewerb-scaled-e1764712957884.jpg\" alt=\"\" width=\"2074\" height=\"1813\" srcset=\"https:\/\/www.anne-frank-gymnasium.de\/wp-content\/uploads\/2025\/12\/Vorlesewettbewerb-scaled-e1764712957884.jpg 2074w, https:\/\/www.anne-frank-gymnasium.de\/wp-content\/uploads\/2025\/12\/Vorlesewettbewerb-scaled-e1764712957884-300x262.jpg 300w, https:\/\/www.anne-frank-gymnasium.de\/wp-content\/uploads\/2025\/12\/Vorlesewettbewerb-scaled-e1764712957884-1024x895.jpg 1024w, https:\/\/www.anne-frank-gymnasium.de\/wp-content\/uploads\/2025\/12\/Vorlesewettbewerb-scaled-e1764712957884-768x671.jpg 768w, https:\/\/www.anne-frank-gymnasium.de\/wp-content\/uploads\/2025\/12\/Vorlesewettbewerb-scaled-e1764712957884-1536x1343.jpg 1536w, https:\/\/www.anne-frank-gymnasium.de\/wp-content\/uploads\/2025\/12\/Vorlesewettbewerb-scaled-e1764712957884-2048x1790.jpg 2048w, https:\/\/www.anne-frank-gymnasium.de\/wp-content\/uploads\/2025\/12\/Vorlesewettbewerb-scaled-e1764712957884-870x761.jpg 870w\" sizes=\"auto, (max-width: 2074px) 100vw, 2074px\" \/><\/a><\/p>\n<p>Am 2. Dezember 2025 fand in der Schulbibliothek des Anne-Frank-Gymnasiums das diesj\u00e4hrige Finale des Vorlesewettbewerbs der sechsten Klassen statt. Die drei Klassensieger \u2013 bereits erfolgreich aus den Vorentscheiden hervorgegangen \u2013 traten gegeneinander an und sorgten f\u00fcr einen ebenso spannenden wie unterhaltsamen Wettbewerb.<\/p>\n<p><!--more--><\/p>\n<p>Die Jury bestand aus Schulleiter Dr. Alexander Heimes sowie dem Deutschlehrer Felix Meisel, die sich der anspruchsvollen Aufgabe stellten, die drei hervorragenden Vortr\u00e4ge zu bewerten.<\/p>\n<p>F\u00fcr die 6a ging Theodor Herff an den Start. Er las aus <em>\u201eErebos\u201c<\/em> von Ursula Poznanski und zog sein Publikum mit einer eindrucksvollen Atmosph\u00e4re und sicherem Vortrag in den Bann.<br \/>\nDie 6b wurde durch Helena Otten vertreten. Sie pr\u00e4sentierte eine Passage aus <em>\u201eDie Suche nach dem Wunschzauber\u201c<\/em> aus der Reihe <em>\u201eLand of Stories\u201c<\/em> von Chris Colfer und \u00fcberzeugte mit lebendigem Vortrag und feinem Gesp\u00fcr f\u00fcr den Text.<br \/>\nF\u00fcr die 6c trat Philipp Corsten an. Er stellte einen Auszug aus <em>\u201eRabatz um den Drachenschatz\u201c<\/em> aus der <em>Freedom<\/em>-Serie von Paluten vor und begeisterte durch seine klare Stimme und packende Betonung.<\/p>\n<p>Alle drei Finalisten boten eine hervorragende Leistung, was die Entscheidung f\u00fcr die Jury besonders schwer machte. Nach intensiver Beratung setzte sich schlie\u00dflich Helena Otten knapp durch.<\/p>\n<p>Als Schulsiegerin des Anne-Frank-Gymnasiums wird sie nun unsere Schule auf der n\u00e4chsten Ebene des Vorlesewettbewerbs vertreten. Wir gratulieren herzlich und w\u00fcnschen ihr viel Erfolg in der folgenden Runde!<\/p>\n<p>\u2013 Felix Meisel<\/p>\n","protected":false},"excerpt":{"rendered":"<p><a href=\"https:\/\/www.anne-frank-gymnasium.de\/wp-content\/uploads\/2025\/12\/Vorlesewettbewerb-scaled.jpg\"><\/a><\/p>\n<p>Am 2. Dezember 2025 fand in der Schulbibliothek des Anne-Frank-Gymnasiums das diesj\u00e4hrige Finale des Vorlesewettbewerbs der sechsten Klassen statt. Die drei Klassensieger \u2013 bereits erfolgreich aus den Vorentscheiden hervorgegangen \u2013 traten gegeneinander an und sorgten f\u00fcr einen ebenso spannenden wie unterhaltsamen Wettbewerb.<\/p><p><a class=\"more-link btn\" href=\"https:\/\/www.anne-frank-gymnasium.de\/?p=19211\">Weiterlesen<\/a><\/p>\n","protected":false},"author":13,"featured_media":0,"comment_status":"closed","ping_status":"closed","sticky":false,"template":"","format":"standard","meta":{"footnotes":""},"categories":[86,44],"tags":[],"class_list":["post-19211","post","type-post","status-publish","format-standard","hentry","category-bibliothek","category-fach-deutsch","nodate","item-wrap"],"_links":{"self":[{"href":"https:\/\/www.anne-frank-gymnasium.de\/index.php?rest_route=\/wp\/v2\/posts\/19211","targetHints":{"allow":["GET"]}}],"collection":[{"href":"https:\/\/www.anne-frank-gymnasium.de\/index.php?rest_route=\/wp\/v2\/posts"}],"about":[{"href":"https:\/\/www.anne-frank-gymnasium.de\/index.php?rest_route=\/wp\/v2\/types\/post"}],"author":[{"embeddable":true,"href":"https:\/\/www.anne-frank-gymnasium.de\/index.php?rest_route=\/wp\/v2\/users\/13"}],"replies":[{"embeddable":true,"href":"https:\/\/www.anne-frank-gymnasium.de\/index.php?rest_route=%2Fwp%2Fv2%2Fcomments&post=19211"}],"version-history":[{"count":1,"href":"https:\/\/www.anne-frank-gymnasium.de\/index.php?rest_route=\/wp\/v2\/posts\/19211\/revisions"}],"predecessor-version":[{"id":19212,"href":"https:\/\/www.anne-frank-gymnasium.de\/index.php?rest_route=\/wp\/v2\/posts\/19211\/revisions\/19212"}],"wp:attachment":[{"href":"https:\/\/www.anne-frank-gymnasium.de\/index.php?rest_route=%2Fwp%2Fv2%2Fmedia&parent=19211"}],"wp:term":[{"taxonomy":"category","embeddable":true,"href":"https:\/\/www.anne-frank-gymnasium.de\/index.php?rest_route=%2Fwp%2Fv2%2Fcategories&post=19211"},{"taxonomy":"post_tag","embeddable":true,"href":"https:\/\/www.anne-frank-gymnasium.de\/index.php?rest_route=%2Fwp%2Fv2%2Ftags&post=19211"}],"curies":[{"name":"wp","href":"https:\/\/api.w.org\/{rel}","templated":true}]}}