{"id":19207,"date":"2025-12-01T11:22:06","date_gmt":"2025-12-01T10:22:06","guid":{"rendered":"https:\/\/www.anne-frank-gymnasium.de\/?p=19207"},"modified":"2025-12-18T09:51:43","modified_gmt":"2025-12-18T08:51:43","slug":"starker-auftritt-in-der-vorrunde-der-stadtmeisterschaft","status":"publish","type":"post","link":"https:\/\/www.anne-frank-gymnasium.de\/?p=19207","title":{"rendered":"Starker Auftritt in der Vorrunde der Stadtmeisterschaft"},"content":{"rendered":"<p><a href=\"https:\/\/www.anne-frank-gymnasium.de\/wp-content\/uploads\/2025\/12\/FB-U17-2-.jpg\"><img loading=\"lazy\" decoding=\"async\" class=\"size-large wp-image-19208\" src=\"https:\/\/www.anne-frank-gymnasium.de\/wp-content\/uploads\/2025\/12\/FB-U17-2--1024x889.jpg\" alt=\"\" width=\"870\" height=\"755\" srcset=\"https:\/\/www.anne-frank-gymnasium.de\/wp-content\/uploads\/2025\/12\/FB-U17-2--1024x889.jpg 1024w, https:\/\/www.anne-frank-gymnasium.de\/wp-content\/uploads\/2025\/12\/FB-U17-2--300x260.jpg 300w, https:\/\/www.anne-frank-gymnasium.de\/wp-content\/uploads\/2025\/12\/FB-U17-2--768x667.jpg 768w, https:\/\/www.anne-frank-gymnasium.de\/wp-content\/uploads\/2025\/12\/FB-U17-2--870x755.jpg 870w, https:\/\/www.anne-frank-gymnasium.de\/wp-content\/uploads\/2025\/12\/FB-U17-2-.jpg 1524w\" sizes=\"auto, (max-width: 870px) 100vw, 870px\" \/><\/a><\/p>\n<p>Unsere U17 Fu\u00dfballschulmannschaft hat sich trotz schlechtem, regnerischem Wetter souver\u00e4n f\u00fcr die Endrunde der Stadtmeisterschaft qualifiziert. Das Team gewann alle drei Spiele auf der Anlage des SV Eilendorf \u2013 und das gegen starke Gegner:<\/p>\n<p>7:0 gegen das Geschwister-Scholl-Gymnasium<br \/>\n2:0 gegen die Viktoriaschule<br \/>\n2:1 gegen die Vierte Aachener Gesamtschule<\/p>\n<p>Besonders beeindruckend: Im gesamten Turnier kassierte die Mannschaft<br \/>\nnur ein einziges Gegentor. Es spielten: Julian W., Theo, Leon, Marius, Mo, Nick, Hassan, Kian, Moritz, Amir, Till, Freddy, Julian H. Betreut wurde das Team von den Sporthelfern Noah und Hauke sowie dem Sportlehrer B.Loogen.<\/p>\n<p>Autoren: H.Nielsen und N.Sanders<br \/>\nFoto: B.Loogen<\/p>\n","protected":false},"excerpt":{"rendered":"<p><a href=\"https:\/\/www.anne-frank-gymnasium.de\/wp-content\/uploads\/2025\/12\/FB-U17-2-.jpg\"><\/a><\/p>\n<p>Unsere U17 Fu\u00dfballschulmannschaft hat sich trotz schlechtem, regnerischem Wetter souver\u00e4n f\u00fcr die Endrunde der Stadtmeisterschaft qualifiziert. Das Team gewann alle drei Spiele auf der Anlage des SV Eilendorf \u2013 und das gegen starke Gegner:<\/p>\n<p>7:0 gegen das Geschwister-Scholl-Gymnasium 2:0 gegen die Viktoriaschule 2:1 gegen die Vierte Aachener Gesamtschule<\/p>\n<p>Besonders beeindruckend: Im gesamten Turnier &hellip; <\/p>\n<p><a class=\"more-link btn\" href=\"https:\/\/www.anne-frank-gymnasium.de\/?p=19207\">Weiterlesen<\/a><\/p>\n","protected":false},"author":12,"featured_media":0,"comment_status":"closed","ping_status":"closed","sticky":false,"template":"","format":"standard","meta":{"footnotes":""},"categories":[1,120],"tags":[],"class_list":["post-19207","post","type-post","status-publish","format-standard","hentry","category-allgemein","category-sporthelfer","nodate","item-wrap"],"_links":{"self":[{"href":"https:\/\/www.anne-frank-gymnasium.de\/index.php?rest_route=\/wp\/v2\/posts\/19207","targetHints":{"allow":["GET"]}}],"collection":[{"href":"https:\/\/www.anne-frank-gymnasium.de\/index.php?rest_route=\/wp\/v2\/posts"}],"about":[{"href":"https:\/\/www.anne-frank-gymnasium.de\/index.php?rest_route=\/wp\/v2\/types\/post"}],"author":[{"embeddable":true,"href":"https:\/\/www.anne-frank-gymnasium.de\/index.php?rest_route=\/wp\/v2\/users\/12"}],"replies":[{"embeddable":true,"href":"https:\/\/www.anne-frank-gymnasium.de\/index.php?rest_route=%2Fwp%2Fv2%2Fcomments&post=19207"}],"version-history":[{"count":1,"href":"https:\/\/www.anne-frank-gymnasium.de\/index.php?rest_route=\/wp\/v2\/posts\/19207\/revisions"}],"predecessor-version":[{"id":19209,"href":"https:\/\/www.anne-frank-gymnasium.de\/index.php?rest_route=\/wp\/v2\/posts\/19207\/revisions\/19209"}],"wp:attachment":[{"href":"https:\/\/www.anne-frank-gymnasium.de\/index.php?rest_route=%2Fwp%2Fv2%2Fmedia&parent=19207"}],"wp:term":[{"taxonomy":"category","embeddable":true,"href":"https:\/\/www.anne-frank-gymnasium.de\/index.php?rest_route=%2Fwp%2Fv2%2Fcategories&post=19207"},{"taxonomy":"post_tag","embeddable":true,"href":"https:\/\/www.anne-frank-gymnasium.de\/index.php?rest_route=%2Fwp%2Fv2%2Ftags&post=19207"}],"curies":[{"name":"wp","href":"https:\/\/api.w.org\/{rel}","templated":true}]}}