{"id":19198,"date":"2025-12-01T10:13:07","date_gmt":"2025-12-01T09:13:07","guid":{"rendered":"https:\/\/www.anne-frank-gymnasium.de\/?p=19198"},"modified":"2025-12-01T10:13:07","modified_gmt":"2025-12-01T09:13:07","slug":"reinigung-der-stolpersteine-und-gedenken-an-die-opfer-des-nationalsozialismus","status":"publish","type":"post","link":"https:\/\/www.anne-frank-gymnasium.de\/?p=19198","title":{"rendered":"Reinigung der Stolpersteine und Gedenken an die Opfer des Nationalsozialismus"},"content":{"rendered":"<p><a href=\"https:\/\/www.anne-frank-gymnasium.de\/wp-content\/uploads\/2025\/12\/IMG_4481-scaled.jpeg\"><img loading=\"lazy\" decoding=\"async\" class=\"wp-image-19199 alignright\" src=\"https:\/\/www.anne-frank-gymnasium.de\/wp-content\/uploads\/2025\/12\/IMG_4481-768x1024.jpeg\" alt=\"\" width=\"233\" height=\"311\" srcset=\"https:\/\/www.anne-frank-gymnasium.de\/wp-content\/uploads\/2025\/12\/IMG_4481-768x1024.jpeg 768w, https:\/\/www.anne-frank-gymnasium.de\/wp-content\/uploads\/2025\/12\/IMG_4481-225x300.jpeg 225w, https:\/\/www.anne-frank-gymnasium.de\/wp-content\/uploads\/2025\/12\/IMG_4481-1152x1536.jpeg 1152w, https:\/\/www.anne-frank-gymnasium.de\/wp-content\/uploads\/2025\/12\/IMG_4481-1536x2048.jpeg 1536w, https:\/\/www.anne-frank-gymnasium.de\/wp-content\/uploads\/2025\/12\/IMG_4481-870x1160.jpeg 870w, https:\/\/www.anne-frank-gymnasium.de\/wp-content\/uploads\/2025\/12\/IMG_4481-scaled.jpeg 1920w\" sizes=\"auto, (max-width: 233px) 100vw, 233px\" \/><\/a><\/p>\n<p>Wie kann und wie sollte man angemessen an die Verbrechen des Nationalsozialismus und deren Opfer erinnern? Rund um den 9. November wird jedes Jahr den Opfern des Nationalsozialismus gedacht, indem die an vielen Orten <a href=\"https:\/\/geoportal.aachen.de\/extern\/?lang=de&amp;basemap=nwdtksw5f91818960e9erpn3k&amp;blop=1&amp;x=294709.56728243&amp;y=5628508.2055136&amp;zl=14&amp;hl=0&amp;layers=stolpersteine618d15bedaa0954l4s\">in Aachen liegenden Stolpersteine<\/a> geputzt und damit wieder sichtbar gemacht werden. <a href=\"http:\/\/www.wgdv.de\/stolpersteine\">Stolpersteine<\/a> sind Pflastersteine, die mit Messing \u00fcberzogen sind und vor dem letzten bekannten Wohnort von Opfern des Nationalsozialismus in den Fu\u00dfweg eingelassen wurden. Sie sollen uns daran erinnern, dass jeder von uns ein Opfer werden kann, wenn wir nicht aufh\u00f6ren, f\u00fcr Demokratie, Menschenrechte, Toleranz, Meinungsfreiheit zu k\u00e4mpfen.<\/p>\n<p>Das AFG hat die Patenschaft \u00fcber drei Orte mit insgesamt f\u00fcnf Stolpersteinen \u00fcbernommen, darunter Steine f\u00fcr Anne Frank, ihre Schwester und ihre Mutter, die auf der Flucht in die Niederlande eine Zeitlang in Aachen lebte. In diesem Jahr trafen sich am Nachmittag des 13. November einige Vertreter*innen der beiden Geschichts-Grundkurse der Q1 in der Stadt, um die Steine an zwei dieser Orte zu reinigen. Vielen Dank f\u00fcr das Engagement! \u201eM\u00f6gen die Opfer des Nationalsozialismus nie in Vergessenheit geraten!\u201c<\/p>\n<p><!--more-->Text: Sebastian Aigner<\/p>\n<p>Weitere Informationen zu dem Thema:<br \/>\n\u2013 <a href=\"https:\/\/www.anne-frank-gymnasium.de\/?page_id=8206\">Anne Frank am AFG<\/a><br \/>\n\u2013 <a href=\"https:\/\/www.anne-frank-gymnasium.de\/?cat=52\">\u00c4ltere Beitr\u00e4ge zu Anne-Frank-Themen<\/a><br \/>\n\u2013 <a href=\"https:\/\/www.anne-frank-gymnasium.de\/?page_id=9660\">Projekt Schule ohne Rassismus \u2013 Schule mit Courage<\/a><\/p>\n<p><a href=\"https:\/\/www.anne-frank-gymnasium.de\/wp-content\/uploads\/2025\/12\/IMG_6301-scaled.jpeg\"><img loading=\"lazy\" decoding=\"async\" class=\"aligncenter wp-image-19200 size-large\" src=\"https:\/\/www.anne-frank-gymnasium.de\/wp-content\/uploads\/2025\/12\/IMG_6301-scaled-e1764580383161-1024x641.jpeg\" alt=\"\" width=\"870\" height=\"545\" srcset=\"https:\/\/www.anne-frank-gymnasium.de\/wp-content\/uploads\/2025\/12\/IMG_6301-scaled-e1764580383161-1024x641.jpeg 1024w, https:\/\/www.anne-frank-gymnasium.de\/wp-content\/uploads\/2025\/12\/IMG_6301-scaled-e1764580383161-300x188.jpeg 300w, https:\/\/www.anne-frank-gymnasium.de\/wp-content\/uploads\/2025\/12\/IMG_6301-scaled-e1764580383161-768x481.jpeg 768w, https:\/\/www.anne-frank-gymnasium.de\/wp-content\/uploads\/2025\/12\/IMG_6301-scaled-e1764580383161-1536x961.jpeg 1536w, https:\/\/www.anne-frank-gymnasium.de\/wp-content\/uploads\/2025\/12\/IMG_6301-scaled-e1764580383161-2048x1281.jpeg 2048w, https:\/\/www.anne-frank-gymnasium.de\/wp-content\/uploads\/2025\/12\/IMG_6301-scaled-e1764580383161-870x544.jpeg 870w\" sizes=\"auto, (max-width: 870px) 100vw, 870px\" \/><\/a><\/p>\n<p><a href=\"https:\/\/www.anne-frank-gymnasium.de\/wp-content\/uploads\/2025\/12\/IMG_4479-scaled.jpeg\"><img loading=\"lazy\" decoding=\"async\" class=\"aligncenter wp-image-19201 size-large\" src=\"https:\/\/www.anne-frank-gymnasium.de\/wp-content\/uploads\/2025\/12\/IMG_4479-scaled-e1764580358707-1024x639.jpeg\" alt=\"\" width=\"870\" height=\"543\" srcset=\"https:\/\/www.anne-frank-gymnasium.de\/wp-content\/uploads\/2025\/12\/IMG_4479-scaled-e1764580358707-1024x639.jpeg 1024w, https:\/\/www.anne-frank-gymnasium.de\/wp-content\/uploads\/2025\/12\/IMG_4479-scaled-e1764580358707-300x187.jpeg 300w, https:\/\/www.anne-frank-gymnasium.de\/wp-content\/uploads\/2025\/12\/IMG_4479-scaled-e1764580358707-768x479.jpeg 768w, https:\/\/www.anne-frank-gymnasium.de\/wp-content\/uploads\/2025\/12\/IMG_4479-scaled-e1764580358707-1536x958.jpeg 1536w, https:\/\/www.anne-frank-gymnasium.de\/wp-content\/uploads\/2025\/12\/IMG_4479-scaled-e1764580358707-2048x1278.jpeg 2048w, https:\/\/www.anne-frank-gymnasium.de\/wp-content\/uploads\/2025\/12\/IMG_4479-scaled-e1764580358707-870x543.jpeg 870w\" sizes=\"auto, (max-width: 870px) 100vw, 870px\" \/><\/a><\/p>\n","protected":false},"excerpt":{"rendered":"<p><a href=\"https:\/\/www.anne-frank-gymnasium.de\/wp-content\/uploads\/2025\/12\/IMG_4481-scaled.jpeg\"><\/a><\/p>\n<p>Wie kann und wie sollte man angemessen an die Verbrechen des Nationalsozialismus und deren Opfer erinnern? Rund um den 9. November wird jedes Jahr den Opfern des Nationalsozialismus gedacht, indem die an vielen Orten <a href=\"https:\/\/geoportal.aachen.de\/extern\/?lang=de&amp;basemap=nwdtksw5f91818960e9erpn3k&amp;blop=1&amp;x=294709.56728243&amp;y=5628508.2055136&amp;zl=14&amp;hl=0&amp;layers=stolpersteine618d15bedaa0954l4s\">in Aachen liegenden Stolpersteine<\/a> geputzt und damit wieder sichtbar gemacht werden. <a href=\"http:\/\/www.wgdv.de\/stolpersteine\">Stolpersteine<\/a> sind Pflastersteine, die mit Messing &hellip; <\/p>\n<p><a class=\"more-link btn\" href=\"https:\/\/www.anne-frank-gymnasium.de\/?p=19198\">Weiterlesen<\/a><\/p>\n","protected":false},"author":12,"featured_media":0,"comment_status":"closed","ping_status":"closed","sticky":false,"template":"","format":"standard","meta":{"footnotes":""},"categories":[52,49],"tags":[],"class_list":["post-19198","post","type-post","status-publish","format-standard","hentry","category-anne-frank","category-fach-geschichte","nodate","item-wrap"],"_links":{"self":[{"href":"https:\/\/www.anne-frank-gymnasium.de\/index.php?rest_route=\/wp\/v2\/posts\/19198","targetHints":{"allow":["GET"]}}],"collection":[{"href":"https:\/\/www.anne-frank-gymnasium.de\/index.php?rest_route=\/wp\/v2\/posts"}],"about":[{"href":"https:\/\/www.anne-frank-gymnasium.de\/index.php?rest_route=\/wp\/v2\/types\/post"}],"author":[{"embeddable":true,"href":"https:\/\/www.anne-frank-gymnasium.de\/index.php?rest_route=\/wp\/v2\/users\/12"}],"replies":[{"embeddable":true,"href":"https:\/\/www.anne-frank-gymnasium.de\/index.php?rest_route=%2Fwp%2Fv2%2Fcomments&post=19198"}],"version-history":[{"count":1,"href":"https:\/\/www.anne-frank-gymnasium.de\/index.php?rest_route=\/wp\/v2\/posts\/19198\/revisions"}],"predecessor-version":[{"id":19202,"href":"https:\/\/www.anne-frank-gymnasium.de\/index.php?rest_route=\/wp\/v2\/posts\/19198\/revisions\/19202"}],"wp:attachment":[{"href":"https:\/\/www.anne-frank-gymnasium.de\/index.php?rest_route=%2Fwp%2Fv2%2Fmedia&parent=19198"}],"wp:term":[{"taxonomy":"category","embeddable":true,"href":"https:\/\/www.anne-frank-gymnasium.de\/index.php?rest_route=%2Fwp%2Fv2%2Fcategories&post=19198"},{"taxonomy":"post_tag","embeddable":true,"href":"https:\/\/www.anne-frank-gymnasium.de\/index.php?rest_route=%2Fwp%2Fv2%2Ftags&post=19198"}],"curies":[{"name":"wp","href":"https:\/\/api.w.org\/{rel}","templated":true}]}}