{"id":19186,"date":"2025-11-20T11:23:40","date_gmt":"2025-11-20T10:23:40","guid":{"rendered":"https:\/\/www.anne-frank-gymnasium.de\/?p=19186"},"modified":"2025-11-20T11:23:40","modified_gmt":"2025-11-20T10:23:40","slug":"schuelerinnen-schreiben-macht-mit-bei-den-sv-adventsaktionen","status":"publish","type":"post","link":"https:\/\/www.anne-frank-gymnasium.de\/?p=19186","title":{"rendered":"Sch\u00fcler:innen schreiben: Macht mit bei den SV-Adventsaktionen!"},"content":{"rendered":"<p><a href=\"https:\/\/www.anne-frank-gymnasium.de\/wp-content\/uploads\/2025\/11\/Adventssingen.jpg\"><img loading=\"lazy\" decoding=\"async\" class=\"alignnone size-full wp-image-19185\" src=\"https:\/\/www.anne-frank-gymnasium.de\/wp-content\/uploads\/2025\/11\/Adventssingen.jpg\" alt=\"\" width=\"1920\" height=\"1440\" srcset=\"https:\/\/www.anne-frank-gymnasium.de\/wp-content\/uploads\/2025\/11\/Adventssingen.jpg 1920w, https:\/\/www.anne-frank-gymnasium.de\/wp-content\/uploads\/2025\/11\/Adventssingen-300x225.jpg 300w, https:\/\/www.anne-frank-gymnasium.de\/wp-content\/uploads\/2025\/11\/Adventssingen-1024x768.jpg 1024w, https:\/\/www.anne-frank-gymnasium.de\/wp-content\/uploads\/2025\/11\/Adventssingen-768x576.jpg 768w, https:\/\/www.anne-frank-gymnasium.de\/wp-content\/uploads\/2025\/11\/Adventssingen-1536x1152.jpg 1536w, https:\/\/www.anne-frank-gymnasium.de\/wp-content\/uploads\/2025\/11\/Adventssingen-870x653.jpg 870w\" sizes=\"auto, (max-width: 1920px) 100vw, 1920px\" \/><\/a><\/p>\n<p><em>Henry Flott (8c) stellt im Namen der SV die diesj\u00e4hrige Adventsaktion vor:<\/em><\/p>\n<p class=\"TextA\">Die SV-Adventsaktionen starten bald wieder: Der Nikolausverkauf und der Adventskalender.<\/p>\n<p class=\"TextA\">Wollt ihr euren Mitsch\u00fcler*innen eine Freude zu Nikolaus machen? Dann kommt in der 30-min\u00fctigen Pause zu uns zum SV-Raum im PZ. Dort k\u00f6nnt ihr einen Schokonikolaus f\u00fcr 1,50\u20ac (klein) oder 2,50\u20ac (gro\u00df) erwerben und uns den Namen und die Klasse der Person, die ihr beschenken m\u00f6chtet, mitteilen. Am 08.12.2025 gehen wir durch die Klassen und verteilen die Nikol\u00e4use aus Fairtrade-Schokolade.<\/p>\n<p class=\"TextA\">Wie jedes Jahr gibt es auch dieses Mal den SV-Adventskalender, bei welchem ihr tolle Preise gewinnen k\u00f6nnt. Kommt ab dem 24.11.2025 in der Pause von 10:30 bis 11:00 zu uns und kauft euch ein oder mehrere Lose f\u00fcr jeweils 0,50 \u20ac. An jedem Wochentag werden drei Lose gezogen. Mit etwas Gl\u00fcck gewinnt ihr Schokolade oder sogar Hausaufgabengutscheine. Ob du gewonnen hast, kannst du im Schaukasten der SV nachsehen. Wir dr\u00fccken euch die Daumen!<\/p>\n","protected":false},"excerpt":{"rendered":"<p><a href=\"https:\/\/www.anne-frank-gymnasium.de\/wp-content\/uploads\/2025\/11\/Adventssingen.jpg\"><\/a><\/p>\n<p>Henry Flott (8c) stellt im Namen der SV die diesj\u00e4hrige Adventsaktion vor:<\/p>\n<p class=\"TextA\">Die SV-Adventsaktionen starten bald wieder: Der Nikolausverkauf und der Adventskalender.<\/p>\n<p class=\"TextA\">Wollt ihr euren Mitsch\u00fcler*innen eine Freude zu Nikolaus machen? Dann kommt in der 30-min\u00fctigen Pause zu uns zum SV-Raum im PZ. Dort k\u00f6nnt ihr einen Schokonikolaus f\u00fcr 1,50\u20ac (klein) &hellip; <\/p>\n<p><a class=\"more-link btn\" href=\"https:\/\/www.anne-frank-gymnasium.de\/?p=19186\">Weiterlesen<\/a><\/p>\n","protected":false},"author":13,"featured_media":0,"comment_status":"closed","ping_status":"closed","sticky":false,"template":"","format":"standard","meta":{"footnotes":""},"categories":[99,80],"tags":[],"class_list":["post-19186","post","type-post","status-publish","format-standard","hentry","category-schuelerinnen-schreiben","category-sv","nodate","item-wrap"],"_links":{"self":[{"href":"https:\/\/www.anne-frank-gymnasium.de\/index.php?rest_route=\/wp\/v2\/posts\/19186","targetHints":{"allow":["GET"]}}],"collection":[{"href":"https:\/\/www.anne-frank-gymnasium.de\/index.php?rest_route=\/wp\/v2\/posts"}],"about":[{"href":"https:\/\/www.anne-frank-gymnasium.de\/index.php?rest_route=\/wp\/v2\/types\/post"}],"author":[{"embeddable":true,"href":"https:\/\/www.anne-frank-gymnasium.de\/index.php?rest_route=\/wp\/v2\/users\/13"}],"replies":[{"embeddable":true,"href":"https:\/\/www.anne-frank-gymnasium.de\/index.php?rest_route=%2Fwp%2Fv2%2Fcomments&post=19186"}],"version-history":[{"count":1,"href":"https:\/\/www.anne-frank-gymnasium.de\/index.php?rest_route=\/wp\/v2\/posts\/19186\/revisions"}],"predecessor-version":[{"id":19187,"href":"https:\/\/www.anne-frank-gymnasium.de\/index.php?rest_route=\/wp\/v2\/posts\/19186\/revisions\/19187"}],"wp:attachment":[{"href":"https:\/\/www.anne-frank-gymnasium.de\/index.php?rest_route=%2Fwp%2Fv2%2Fmedia&parent=19186"}],"wp:term":[{"taxonomy":"category","embeddable":true,"href":"https:\/\/www.anne-frank-gymnasium.de\/index.php?rest_route=%2Fwp%2Fv2%2Fcategories&post=19186"},{"taxonomy":"post_tag","embeddable":true,"href":"https:\/\/www.anne-frank-gymnasium.de\/index.php?rest_route=%2Fwp%2Fv2%2Ftags&post=19186"}],"curies":[{"name":"wp","href":"https:\/\/api.w.org\/{rel}","templated":true}]}}