{"id":19071,"date":"2025-09-30T12:55:19","date_gmt":"2025-09-30T10:55:19","guid":{"rendered":"https:\/\/www.anne-frank-gymnasium.de\/?p=19071"},"modified":"2025-10-02T18:19:52","modified_gmt":"2025-10-02T16:19:52","slug":"schuelerinnen-schreiben-waldexkursion-der-klasse-8c","status":"publish","type":"post","link":"https:\/\/www.anne-frank-gymnasium.de\/?p=19071","title":{"rendered":"Sch\u00fcler:innen schreiben: Waldexkursion der Klasse 8c"},"content":{"rendered":"<p><a href=\"https:\/\/www.anne-frank-gymnasium.de\/wp-content\/uploads\/2025\/09\/thumbnail_IMG_3858.jpg\"><img loading=\"lazy\" decoding=\"async\" class=\"alignright wp-image-19069 \" src=\"https:\/\/www.anne-frank-gymnasium.de\/wp-content\/uploads\/2025\/09\/thumbnail_IMG_3858-225x300.jpg\" alt=\"\" width=\"266\" height=\"355\" srcset=\"https:\/\/www.anne-frank-gymnasium.de\/wp-content\/uploads\/2025\/09\/thumbnail_IMG_3858-225x300.jpg 225w, https:\/\/www.anne-frank-gymnasium.de\/wp-content\/uploads\/2025\/09\/thumbnail_IMG_3858-768x1024.jpg 768w, https:\/\/www.anne-frank-gymnasium.de\/wp-content\/uploads\/2025\/09\/thumbnail_IMG_3858-1152x1536.jpg 1152w, https:\/\/www.anne-frank-gymnasium.de\/wp-content\/uploads\/2025\/09\/thumbnail_IMG_3858-870x1160.jpg 870w, https:\/\/www.anne-frank-gymnasium.de\/wp-content\/uploads\/2025\/09\/thumbnail_IMG_3858.jpg 1440w\" sizes=\"auto, (max-width: 266px) 100vw, 266px\" \/><\/a><\/p>\n<p><em>Henry Flott (8c) schildert seine Eindr\u00fccke von einer Exkursion seiner Klasse in den Wald im Rahmen des Biologieunterrichts:<\/em><\/p>\n<p class=\"Text\" style=\"text-align: justify;\">Das Spannende am Biologieunterricht ist, dass man h\u00e4ufig nach drau\u00dfen gehen kann, um die Natur zu beobachten. So war es bei der Klasse 8c, welche am 23.9.2025 einen Ausflug in den Wald unternommen hat.<\/p>\n<p class=\"Text\" style=\"text-align: justify;\">Direkt zur ersten Stunde versammelten wir uns am Biologie-Raum und machten uns von dort aus gemeinsam auf den Weg. Unser Ziel war der Waldstreifen am Vetschauer Berg, den wir von der Schule aus in wenigen Minuten zu Fu\u00df erreichen konnten. Mit dabei waren unsere Biologielehrerin Frau Burchardt und unser Klassenlehrer Herr Windh\u00f6vel.<\/p>\n<p><!--more--><\/p>\n<p class=\"Text\" style=\"text-align: justify;\">Als wir dort ankamen, bekamen wir Gl\u00e4ser mit Lupen, mit denen wir kleine Tiere, die im Wald leben, beobachten und bestimmen konnten. Die meisten Gruppen fanden h\u00e4ufige Tiere wie W\u00fcrmer, Asseln, Schnecken oder Spinnen, allerdings waren auch Tausendf\u00fc\u00dfler und Insekten dabei.<\/p>\n<p class=\"Text\" style=\"text-align: justify;\">Nun mussten wir uns wieder auf den R\u00fcckweg machen, weil das Ende der Stunde nahte. Wir unterhielten uns freundlich und machten uns auch ein bisschen schmutzig. Insgesamt war es eine sch\u00f6ne Exkursion. Wir freuen uns schon darauf, den n\u00e4chsten Ausflug in die Natur zu machen!<\/p>\n<p><a href=\"https:\/\/www.anne-frank-gymnasium.de\/wp-content\/uploads\/2025\/09\/thumbnail_IMG_3859.jpg\"><img loading=\"lazy\" decoding=\"async\" class=\"alignnone size-full wp-image-19070\" src=\"https:\/\/www.anne-frank-gymnasium.de\/wp-content\/uploads\/2025\/09\/thumbnail_IMG_3859.jpg\" alt=\"\" width=\"1440\" height=\"1920\" srcset=\"https:\/\/www.anne-frank-gymnasium.de\/wp-content\/uploads\/2025\/09\/thumbnail_IMG_3859.jpg 1440w, https:\/\/www.anne-frank-gymnasium.de\/wp-content\/uploads\/2025\/09\/thumbnail_IMG_3859-225x300.jpg 225w, https:\/\/www.anne-frank-gymnasium.de\/wp-content\/uploads\/2025\/09\/thumbnail_IMG_3859-768x1024.jpg 768w, https:\/\/www.anne-frank-gymnasium.de\/wp-content\/uploads\/2025\/09\/thumbnail_IMG_3859-1152x1536.jpg 1152w, https:\/\/www.anne-frank-gymnasium.de\/wp-content\/uploads\/2025\/09\/thumbnail_IMG_3859-870x1160.jpg 870w\" sizes=\"auto, (max-width: 1440px) 100vw, 1440px\" \/><\/a><\/p>\n","protected":false},"excerpt":{"rendered":"<p><a href=\"https:\/\/www.anne-frank-gymnasium.de\/wp-content\/uploads\/2025\/09\/thumbnail_IMG_3858.jpg\"><\/a><\/p>\n<p>Henry Flott (8c) schildert seine Eindr\u00fccke von einer Exkursion seiner Klasse in den Wald im Rahmen des Biologieunterrichts:<\/p>\n<p class=\"Text\" style=\"text-align: justify;\">Das Spannende am Biologieunterricht ist, dass man h\u00e4ufig nach drau\u00dfen gehen kann, um die Natur zu beobachten. So war es bei der Klasse 8c, welche am 23.9.2025 einen Ausflug in den Wald &hellip; <\/p>\n<p><a class=\"more-link btn\" href=\"https:\/\/www.anne-frank-gymnasium.de\/?p=19071\">Weiterlesen<\/a><\/p>\n","protected":false},"author":13,"featured_media":0,"comment_status":"closed","ping_status":"closed","sticky":false,"template":"","format":"standard","meta":{"footnotes":""},"categories":[1,67,60,99],"tags":[],"class_list":["post-19071","post","type-post","status-publish","format-standard","hentry","category-allgemein","category-fach-biologie","category-fahrten","category-schuelerinnen-schreiben","nodate","item-wrap"],"_links":{"self":[{"href":"https:\/\/www.anne-frank-gymnasium.de\/index.php?rest_route=\/wp\/v2\/posts\/19071","targetHints":{"allow":["GET"]}}],"collection":[{"href":"https:\/\/www.anne-frank-gymnasium.de\/index.php?rest_route=\/wp\/v2\/posts"}],"about":[{"href":"https:\/\/www.anne-frank-gymnasium.de\/index.php?rest_route=\/wp\/v2\/types\/post"}],"author":[{"embeddable":true,"href":"https:\/\/www.anne-frank-gymnasium.de\/index.php?rest_route=\/wp\/v2\/users\/13"}],"replies":[{"embeddable":true,"href":"https:\/\/www.anne-frank-gymnasium.de\/index.php?rest_route=%2Fwp%2Fv2%2Fcomments&post=19071"}],"version-history":[{"count":2,"href":"https:\/\/www.anne-frank-gymnasium.de\/index.php?rest_route=\/wp\/v2\/posts\/19071\/revisions"}],"predecessor-version":[{"id":19074,"href":"https:\/\/www.anne-frank-gymnasium.de\/index.php?rest_route=\/wp\/v2\/posts\/19071\/revisions\/19074"}],"wp:attachment":[{"href":"https:\/\/www.anne-frank-gymnasium.de\/index.php?rest_route=%2Fwp%2Fv2%2Fmedia&parent=19071"}],"wp:term":[{"taxonomy":"category","embeddable":true,"href":"https:\/\/www.anne-frank-gymnasium.de\/index.php?rest_route=%2Fwp%2Fv2%2Fcategories&post=19071"},{"taxonomy":"post_tag","embeddable":true,"href":"https:\/\/www.anne-frank-gymnasium.de\/index.php?rest_route=%2Fwp%2Fv2%2Ftags&post=19071"}],"curies":[{"name":"wp","href":"https:\/\/api.w.org\/{rel}","templated":true}]}}