{"id":18657,"date":"2025-07-08T10:07:38","date_gmt":"2025-07-08T08:07:38","guid":{"rendered":"https:\/\/www.anne-frank-gymnasium.de\/?p=18657"},"modified":"2025-12-23T10:34:07","modified_gmt":"2025-12-23T09:34:07","slug":"klassenfahrt-der-jgst-7-in-den-landschaftspark-duisburg-nord","status":"publish","type":"post","link":"https:\/\/www.anne-frank-gymnasium.de\/?p=18657","title":{"rendered":"Klassenfahrt der Jgst. 7 in den Landschaftspark Duisburg-Nord"},"content":{"rendered":"<p><a href=\"https:\/\/www.anne-frank-gymnasium.de\/wp-content\/uploads\/2025\/07\/Bildschirmfoto-2025-07-04-um-11.31.50.png\"><img loading=\"lazy\" decoding=\"async\" class=\"aligncenter wp-image-18659 size-full\" src=\"https:\/\/www.anne-frank-gymnasium.de\/wp-content\/uploads\/2025\/07\/Bildschirmfoto-2025-07-04-um-11.31.50-e1751961763633.png\" alt=\"\" width=\"800\" height=\"451\" srcset=\"https:\/\/www.anne-frank-gymnasium.de\/wp-content\/uploads\/2025\/07\/Bildschirmfoto-2025-07-04-um-11.31.50-e1751961763633.png 800w, https:\/\/www.anne-frank-gymnasium.de\/wp-content\/uploads\/2025\/07\/Bildschirmfoto-2025-07-04-um-11.31.50-e1751961763633-300x169.png 300w, https:\/\/www.anne-frank-gymnasium.de\/wp-content\/uploads\/2025\/07\/Bildschirmfoto-2025-07-04-um-11.31.50-e1751961763633-768x433.png 768w\" sizes=\"auto, (max-width: 800px) 100vw, 800px\" \/><\/a><\/p>\n<p>Vom 30. Juni bis zum 2. Juli 2025 verbrachten die siebten Klassen unserer Schule drei ereignisreiche Tage im beeindruckenden Landschaftspark Duisburg-Nord. Die Unterkunft in der Jugendherberge auf dem Gel\u00e4nde eines ehemaligen Stahlwerks sorgte mit ihrer besonderen Atmosph\u00e4re f\u00fcr einen tollen Aufenthalt. Umgeben von imposanten Industriegeb\u00e4uden konnten die Sch\u00fclerinnen und Sch\u00fcler einen spannenden Einblick in ein St\u00fcck deutscher Industriegeschichte gewinnen \u2013 ganz nah und lebendig.<\/p>\n<p><!--more--><\/p>\n<p><a href=\"https:\/\/www.anne-frank-gymnasium.de\/wp-content\/uploads\/2025\/07\/Bildschirmfoto-2025-07-04-um-11.32.21.png\"><img loading=\"lazy\" decoding=\"async\" class=\"aligncenter wp-image-18661 size-large\" src=\"https:\/\/www.anne-frank-gymnasium.de\/wp-content\/uploads\/2025\/07\/Bildschirmfoto-2025-07-04-um-11.32.21-e1751961913631-1024x576.png\" alt=\"\" width=\"870\" height=\"489\" srcset=\"https:\/\/www.anne-frank-gymnasium.de\/wp-content\/uploads\/2025\/07\/Bildschirmfoto-2025-07-04-um-11.32.21-e1751961913631-1024x576.png 1024w, https:\/\/www.anne-frank-gymnasium.de\/wp-content\/uploads\/2025\/07\/Bildschirmfoto-2025-07-04-um-11.32.21-e1751961913631-300x169.png 300w, https:\/\/www.anne-frank-gymnasium.de\/wp-content\/uploads\/2025\/07\/Bildschirmfoto-2025-07-04-um-11.32.21-e1751961913631-768x432.png 768w, https:\/\/www.anne-frank-gymnasium.de\/wp-content\/uploads\/2025\/07\/Bildschirmfoto-2025-07-04-um-11.32.21-e1751961913631-1536x864.png 1536w, https:\/\/www.anne-frank-gymnasium.de\/wp-content\/uploads\/2025\/07\/Bildschirmfoto-2025-07-04-um-11.32.21-e1751961913631-2048x1152.png 2048w, https:\/\/www.anne-frank-gymnasium.de\/wp-content\/uploads\/2025\/07\/Bildschirmfoto-2025-07-04-um-11.32.21-e1751961913631-870x490.png 870w\" sizes=\"auto, (max-width: 870px) 100vw, 870px\" \/><\/a><\/p>\n<p>Das abwechslungsreiche Programm bot zahlreiche Gelegenheiten f\u00fcr Teamarbeit, Bewegung und Abenteuer. In verschiedenen Teambuilding-Workshops st\u00e4rkten die Klassen ihren Zusammenhalt und entwickelten kreative L\u00f6sungen f\u00fcr knifflige Herausforderungen. Besonders in Erinnerung bleiben d\u00fcrfte der Blindwalk auf den Hochofen \u2013 ein echtes Erlebnis in luftiger H\u00f6he, bei dem Vertrauen und Kommunikation gefragt waren. Auch die GPS-Tour durch das weitl\u00e4ufige Gel\u00e4nde und ein gemeinsames Konstruktionsprojekt forderten Teamgeist und Ideenreichtum.<\/p>\n<p><a href=\"https:\/\/www.anne-frank-gymnasium.de\/wp-content\/uploads\/2025\/07\/Bildschirmfoto-2025-07-04-um-11.31.54.png\"><img loading=\"lazy\" decoding=\"async\" class=\"aligncenter size-large wp-image-18660\" src=\"https:\/\/www.anne-frank-gymnasium.de\/wp-content\/uploads\/2025\/07\/Bildschirmfoto-2025-07-04-um-11.31.54-1024x470.png\" alt=\"\" width=\"870\" height=\"399\" srcset=\"https:\/\/www.anne-frank-gymnasium.de\/wp-content\/uploads\/2025\/07\/Bildschirmfoto-2025-07-04-um-11.31.54-1024x470.png 1024w, https:\/\/www.anne-frank-gymnasium.de\/wp-content\/uploads\/2025\/07\/Bildschirmfoto-2025-07-04-um-11.31.54-300x138.png 300w, https:\/\/www.anne-frank-gymnasium.de\/wp-content\/uploads\/2025\/07\/Bildschirmfoto-2025-07-04-um-11.31.54-768x353.png 768w, https:\/\/www.anne-frank-gymnasium.de\/wp-content\/uploads\/2025\/07\/Bildschirmfoto-2025-07-04-um-11.31.54-1536x705.png 1536w, https:\/\/www.anne-frank-gymnasium.de\/wp-content\/uploads\/2025\/07\/Bildschirmfoto-2025-07-04-um-11.31.54-870x399.png 870w, https:\/\/www.anne-frank-gymnasium.de\/wp-content\/uploads\/2025\/07\/Bildschirmfoto-2025-07-04-um-11.31.54.png 2034w\" sizes=\"auto, (max-width: 870px) 100vw, 870px\" \/><\/a><\/p>\n<p>Trotz der hochsommerlichen Temperaturen herrschte durchweg gute Stimmung. Die Sch\u00fclerinnen und Sch\u00fcler unterst\u00fctzten sich gegenseitig, lachten viel und wuchsen in ihren Gruppen sichtbar zusammen.\u00a0Die Fahrt war nicht nur ein sch\u00f6ner Abschluss des Schuljahres, sondern auch eine tolle Gelegenheit, Gemeinschaft neu zu erleben \u2013 mit jeder Menge Spa\u00df und neuen Erfahrungen.<\/p>\n","protected":false},"excerpt":{"rendered":"<p><a href=\"https:\/\/www.anne-frank-gymnasium.de\/wp-content\/uploads\/2025\/07\/Bildschirmfoto-2025-07-04-um-11.31.50.png\"><\/a><\/p>\n<p>Vom 30. Juni bis zum 2. Juli 2025 verbrachten die siebten Klassen unserer Schule drei ereignisreiche Tage im beeindruckenden Landschaftspark Duisburg-Nord. Die Unterkunft in der Jugendherberge auf dem Gel\u00e4nde eines ehemaligen Stahlwerks sorgte mit ihrer besonderen Atmosph\u00e4re f\u00fcr einen tollen Aufenthalt. Umgeben von imposanten Industriegeb\u00e4uden konnten die Sch\u00fclerinnen und Sch\u00fcler einen spannenden Einblick &hellip; <\/p>\n<p><a class=\"more-link btn\" href=\"https:\/\/www.anne-frank-gymnasium.de\/?p=18657\">Weiterlesen<\/a><\/p>\n","protected":false},"author":23,"featured_media":18661,"comment_status":"closed","ping_status":"closed","sticky":false,"template":"","format":"standard","meta":{"footnotes":""},"categories":[1,60,65],"tags":[],"class_list":["post-18657","post","type-post","status-publish","format-standard","has-post-thumbnail","hentry","category-allgemein","category-fahrten","category-stufe-mittelstufe","nodate","item-wrap"],"_links":{"self":[{"href":"https:\/\/www.anne-frank-gymnasium.de\/index.php?rest_route=\/wp\/v2\/posts\/18657","targetHints":{"allow":["GET"]}}],"collection":[{"href":"https:\/\/www.anne-frank-gymnasium.de\/index.php?rest_route=\/wp\/v2\/posts"}],"about":[{"href":"https:\/\/www.anne-frank-gymnasium.de\/index.php?rest_route=\/wp\/v2\/types\/post"}],"author":[{"embeddable":true,"href":"https:\/\/www.anne-frank-gymnasium.de\/index.php?rest_route=\/wp\/v2\/users\/23"}],"replies":[{"embeddable":true,"href":"https:\/\/www.anne-frank-gymnasium.de\/index.php?rest_route=%2Fwp%2Fv2%2Fcomments&post=18657"}],"version-history":[{"count":2,"href":"https:\/\/www.anne-frank-gymnasium.de\/index.php?rest_route=\/wp\/v2\/posts\/18657\/revisions"}],"predecessor-version":[{"id":18667,"href":"https:\/\/www.anne-frank-gymnasium.de\/index.php?rest_route=\/wp\/v2\/posts\/18657\/revisions\/18667"}],"wp:featuredmedia":[{"embeddable":true,"href":"https:\/\/www.anne-frank-gymnasium.de\/index.php?rest_route=\/wp\/v2\/media\/18661"}],"wp:attachment":[{"href":"https:\/\/www.anne-frank-gymnasium.de\/index.php?rest_route=%2Fwp%2Fv2%2Fmedia&parent=18657"}],"wp:term":[{"taxonomy":"category","embeddable":true,"href":"https:\/\/www.anne-frank-gymnasium.de\/index.php?rest_route=%2Fwp%2Fv2%2Fcategories&post=18657"},{"taxonomy":"post_tag","embeddable":true,"href":"https:\/\/www.anne-frank-gymnasium.de\/index.php?rest_route=%2Fwp%2Fv2%2Ftags&post=18657"}],"curies":[{"name":"wp","href":"https:\/\/api.w.org\/{rel}","templated":true}]}}