{"id":18211,"date":"2025-01-06T21:46:20","date_gmt":"2025-01-06T20:46:20","guid":{"rendered":"https:\/\/www.anne-frank-gymnasium.de\/?p=18211"},"modified":"2025-01-23T13:03:51","modified_gmt":"2025-01-23T12:03:51","slug":"schuelerinnen-schreiben-adventszeit-am-anne-frank-gymnasium","status":"publish","type":"post","link":"https:\/\/www.anne-frank-gymnasium.de\/?p=18211","title":{"rendered":"Sch\u00fcler:innen schreiben: Adventszeit am Anne-Frank-Gymnasium"},"content":{"rendered":"<p><a href=\"https:\/\/www.anne-frank-gymnasium.de\/wp-content\/uploads\/2025\/01\/AFG-Adventssingen-2024-23-scaled.jpg\"><img loading=\"lazy\" decoding=\"async\" class=\"aligncenter wp-image-18213 size-full\" src=\"https:\/\/www.anne-frank-gymnasium.de\/wp-content\/uploads\/2025\/01\/AFG-Adventssingen-2024-23-scaled-e1737633821576.jpg\" alt=\"\" width=\"2415\" height=\"1357\" srcset=\"https:\/\/www.anne-frank-gymnasium.de\/wp-content\/uploads\/2025\/01\/AFG-Adventssingen-2024-23-scaled-e1737633821576.jpg 2415w, https:\/\/www.anne-frank-gymnasium.de\/wp-content\/uploads\/2025\/01\/AFG-Adventssingen-2024-23-scaled-e1737633821576-300x169.jpg 300w, https:\/\/www.anne-frank-gymnasium.de\/wp-content\/uploads\/2025\/01\/AFG-Adventssingen-2024-23-scaled-e1737633821576-1024x575.jpg 1024w, https:\/\/www.anne-frank-gymnasium.de\/wp-content\/uploads\/2025\/01\/AFG-Adventssingen-2024-23-scaled-e1737633821576-768x432.jpg 768w, https:\/\/www.anne-frank-gymnasium.de\/wp-content\/uploads\/2025\/01\/AFG-Adventssingen-2024-23-scaled-e1737633821576-1536x863.jpg 1536w, https:\/\/www.anne-frank-gymnasium.de\/wp-content\/uploads\/2025\/01\/AFG-Adventssingen-2024-23-scaled-e1737633821576-2048x1151.jpg 2048w, https:\/\/www.anne-frank-gymnasium.de\/wp-content\/uploads\/2025\/01\/AFG-Adventssingen-2024-23-scaled-e1737633821576-870x489.jpg 870w\" sizes=\"auto, (max-width: 2415px) 100vw, 2415px\" \/><\/a><\/p>\n<p><em>Katharina Flott berichtet vom Aventssingen am AFG:<\/em><\/p>\n<p><span style=\"font-size: 12pt;\">Am 12. Dezember 2024 fand in der Aula des Anne-Frank-Gymnasiums das traditionelle Adventssingen statt. Zu Beginn der Veranstaltung \u00fcberreichte Frau Raumanns, Sprecherin der Arbeitsgruppe Aachen des Kinderhilfswerks Unicef, der Schule eine Urkunde und bedankte sich f\u00fcr die Spenden, die beim Sponsorenlauf im September und beim Lehrertheater im Oktober f\u00fcr Unicef gesammelt wurden.<\/span><\/p>\n<p><!--more--><\/p>\n<p><span style=\"font-size: 12pt;\">Die f\u00fcnften Klassen sangen anschlie\u00dfend Weihnachtslieder vor, die sie im Musikunterricht einge\u00fcbt hatten. Ihre jeweiligen Musiklehrerinnen begleiteten die Sch\u00fcler:innen auf dem Klavier.<br \/>\nDas Instrumental-Ensemble von Frau Latta spielten einige Lieder vor, bei denen die Zuschauer begeistert mitsangen. Dar\u00fcber hinaus wurde ein Weihnachtsgedicht vorgetragen und das Weihnachtslied \u201eSnowman\u201c wurde von einem Sch\u00fcler aus der siebten Klasse als Sologesang performt. W\u00e4hrend das Publikum weitere Weihnachtslieder sang, wurden es von der Musiklehrerin Frau Konz auf dem Klavier begleitet. Anschlie\u00dfend gab es kleine Leckereien und Gl\u00fchwein als gem\u00fctlichen Ausklang. Das Adventssingen war also ein voller Erfolg und es wurden reichlich Spenden gesammelt.<\/span><\/p>\n<p>Wie jedes Jahr durften die f\u00fcnften Kassen beim Weihnachtslesen in der Bibliothek teilnehmen. Herr Heimes las ihnen einen Teil einer Weihnachtsgeschichte vor, den Rest durften die F\u00fcnftkl\u00e4ssler als Film gucken. Das Buch hie\u00df \u201eEs ist ein Elch entsprungen\u201c und kam bei den f\u00fcnften Klassen sehr gut an. In dem Buch von Andreas Steinh\u00f6fel geht es um den Jungen namens Bertil, bei dem eines Tages ein Elch durch die Wohnzimmerdecke kracht. Der Elch kann ungew\u00f6hnlicherweise sprechen und schon bald freunden sich die beiden an. Der Elch Mr. Moose wird jedoch vom Weihnachtsmann gesucht und der J\u00e4ger aus der Nachbarschaft ist ihm dicht auf den Fersen. Das Abenteuer beginnt &#8230;<\/p>\n<p>F\u00fcr die f\u00fcnften Klassen gibt es am 19. Dezember einen Weihnachtsgottesdienst in der Kirche St. Laurentius, der von den sechsten Klassen und Frau Essers vorbereitet wird.<\/p>\n<p>Das Anne-Frank-Gymnasium war also richtig in Weihnachtsstimmung!<\/p>\n","protected":false},"excerpt":{"rendered":"<p><a href=\"https:\/\/www.anne-frank-gymnasium.de\/wp-content\/uploads\/2025\/01\/AFG-Adventssingen-2024-23-scaled.jpg\"><\/a><\/p>\n<p>Katharina Flott berichtet vom Aventssingen am AFG:<\/p>\n<p>Am 12. Dezember 2024 fand in der Aula des Anne-Frank-Gymnasiums das traditionelle Adventssingen statt. Zu Beginn der Veranstaltung \u00fcberreichte Frau Raumanns, Sprecherin der Arbeitsgruppe Aachen des Kinderhilfswerks Unicef, der Schule eine Urkunde und bedankte sich f\u00fcr die Spenden, die beim Sponsorenlauf im September und beim Lehrertheater &hellip; <\/p>\n<p><a class=\"more-link btn\" href=\"https:\/\/www.anne-frank-gymnasium.de\/?p=18211\">Weiterlesen<\/a><\/p>\n","protected":false},"author":13,"featured_media":0,"comment_status":"closed","ping_status":"closed","sticky":false,"template":"","format":"standard","meta":{"footnotes":""},"categories":[1,39,99],"tags":[],"class_list":["post-18211","post","type-post","status-publish","format-standard","hentry","category-allgemein","category-fach-musik","category-schuelerinnen-schreiben","nodate","item-wrap"],"_links":{"self":[{"href":"https:\/\/www.anne-frank-gymnasium.de\/index.php?rest_route=\/wp\/v2\/posts\/18211","targetHints":{"allow":["GET"]}}],"collection":[{"href":"https:\/\/www.anne-frank-gymnasium.de\/index.php?rest_route=\/wp\/v2\/posts"}],"about":[{"href":"https:\/\/www.anne-frank-gymnasium.de\/index.php?rest_route=\/wp\/v2\/types\/post"}],"author":[{"embeddable":true,"href":"https:\/\/www.anne-frank-gymnasium.de\/index.php?rest_route=\/wp\/v2\/users\/13"}],"replies":[{"embeddable":true,"href":"https:\/\/www.anne-frank-gymnasium.de\/index.php?rest_route=%2Fwp%2Fv2%2Fcomments&post=18211"}],"version-history":[{"count":3,"href":"https:\/\/www.anne-frank-gymnasium.de\/index.php?rest_route=\/wp\/v2\/posts\/18211\/revisions"}],"predecessor-version":[{"id":18237,"href":"https:\/\/www.anne-frank-gymnasium.de\/index.php?rest_route=\/wp\/v2\/posts\/18211\/revisions\/18237"}],"wp:attachment":[{"href":"https:\/\/www.anne-frank-gymnasium.de\/index.php?rest_route=%2Fwp%2Fv2%2Fmedia&parent=18211"}],"wp:term":[{"taxonomy":"category","embeddable":true,"href":"https:\/\/www.anne-frank-gymnasium.de\/index.php?rest_route=%2Fwp%2Fv2%2Fcategories&post=18211"},{"taxonomy":"post_tag","embeddable":true,"href":"https:\/\/www.anne-frank-gymnasium.de\/index.php?rest_route=%2Fwp%2Fv2%2Ftags&post=18211"}],"curies":[{"name":"wp","href":"https:\/\/api.w.org\/{rel}","templated":true}]}}