{"id":17437,"date":"2024-05-08T15:50:23","date_gmt":"2024-05-08T13:50:23","guid":{"rendered":"https:\/\/www.anne-frank-gymnasium.de\/?p=17437"},"modified":"2024-05-08T15:51:38","modified_gmt":"2024-05-08T13:51:38","slug":"spannender-besuch-zum-thema-eu-erweiterung-im-sowi-unterricht","status":"publish","type":"post","link":"https:\/\/www.anne-frank-gymnasium.de\/?p=17437","title":{"rendered":"Spannender Besuch zum Thema EU-Erweiterung in SoWi und European Studies"},"content":{"rendered":"<p><a href=\"https:\/\/www.anne-frank-gymnasium.de\/wp-content\/uploads\/2024\/05\/SchapersEU-Kommission-e1715174351863.jpg\"><img loading=\"lazy\" decoding=\"async\" class=\"wp-image-17438 size-large aligncenter\" src=\"https:\/\/www.anne-frank-gymnasium.de\/wp-content\/uploads\/2024\/05\/SchapersEU-Kommission-e1715174351863-1024x577.jpg\" alt=\"\" width=\"870\" height=\"490\" srcset=\"https:\/\/www.anne-frank-gymnasium.de\/wp-content\/uploads\/2024\/05\/SchapersEU-Kommission-e1715174351863-1024x577.jpg 1024w, https:\/\/www.anne-frank-gymnasium.de\/wp-content\/uploads\/2024\/05\/SchapersEU-Kommission-e1715174351863-300x169.jpg 300w, https:\/\/www.anne-frank-gymnasium.de\/wp-content\/uploads\/2024\/05\/SchapersEU-Kommission-e1715174351863-768x433.jpg 768w, https:\/\/www.anne-frank-gymnasium.de\/wp-content\/uploads\/2024\/05\/SchapersEU-Kommission-e1715174351863-870x490.jpg 870w, https:\/\/www.anne-frank-gymnasium.de\/wp-content\/uploads\/2024\/05\/SchapersEU-Kommission-e1715174351863.jpg 1390w\" sizes=\"auto, (max-width: 870px) 100vw, 870px\" \/><\/a><\/p>\n<p>Die Sch\u00fclerinnen und Sch\u00fcler der Q1-Sowi-Kurse und des European-Studies-Kurses in der Jahrgangsstufe 10 haben vor Kurzem Besuch von einer Mitarbeiterin der Europ\u00e4ischen Kommission bekommen. Hannah Schaper arbeitet in der Generaldirektion f\u00fcr Europ\u00e4ische Nachbarschaftspolitik und Erweiterungsverhandlungen (<a href=\"https:\/\/neighbourhood-enlargement.ec.europa.eu\/index_en?prefLang=de\">DG NEAR<\/a>) und kam im Zuge der Back-to-School-Initiative der Europ\u00e4ischen Kommission zur\u00fcck an ihre alte Schule, das AFG, um unseren Sch\u00fclerinnen und Sch\u00fclern die Arbeitsweise der EU n\u00e4herzubringen.<\/p>\n<p>In einem engagierten Vortrag stellte Frau Schaper zun\u00e4chst ihren eigenen Werdegang vor und erl\u00e4uterte, wie sie zur Arbeit in einer EU-Beh\u00f6rde gekommen war. Dann pr\u00e4sentierte sie die Grundpfeiler der Nachbarschaftspolitik der EU und die Schritte im EU-Erweiterungsprozess. Sie ging auch darauf ein, wie sie als Social-Media-Managerin die extrem komplexen und langwierigen Beitrittsverhandlungen verfolgt und der \u00d6ffentlichkeit transparent kommuniziert. Im Anschluss konnten die Sch\u00fclerinnen und Sch\u00fcler weitere Fragen mit EU-Bezug stellen und aktuelle Themen mit der Expertin diskutieren.<\/p>\n<p>Frau Schaper ermutigte unsere Sch\u00fcler, sich weiterhin mit der Funktionsweise der EU und ihren aktuellen Themen auseinanderzusetzen, damit sie am 9. Juni bei den Wahlen zum Europ\u00e4ischen Parlament eine gute Entscheidung treffen k\u00f6nnen. Es war eine tolle Veranstaltung, die viele Fragen kl\u00e4ren konnte und gleichzeitig viele neue Denkans\u00e4tze bot.<\/p>\n<p><span style=\"font-size: 8pt;\">Text: Bettina Heuterkes<\/span><\/p>\n","protected":false},"excerpt":{"rendered":"<p><a href=\"https:\/\/www.anne-frank-gymnasium.de\/wp-content\/uploads\/2024\/05\/SchapersEU-Kommission-e1715174351863.jpg\"><\/a><\/p>\n<p>Die Sch\u00fclerinnen und Sch\u00fcler der Q1-Sowi-Kurse und des European-Studies-Kurses in der Jahrgangsstufe 10 haben vor Kurzem Besuch von einer Mitarbeiterin der Europ\u00e4ischen Kommission bekommen. Hannah Schaper arbeitet in der Generaldirektion f\u00fcr Europ\u00e4ische Nachbarschaftspolitik und Erweiterungsverhandlungen (<a href=\"https:\/\/neighbourhood-enlargement.ec.europa.eu\/index_en?prefLang=de\">DG NEAR<\/a>) und kam im Zuge der Back-to-School-Initiative der Europ\u00e4ischen Kommission zur\u00fcck an ihre alte Schule, das &hellip; <\/p>\n<p><a class=\"more-link btn\" href=\"https:\/\/www.anne-frank-gymnasium.de\/?p=17437\">Weiterlesen<\/a><\/p>\n","protected":false},"author":12,"featured_media":0,"comment_status":"closed","ping_status":"closed","sticky":false,"template":"","format":"standard","meta":{"footnotes":""},"categories":[59,91,50,55],"tags":[],"class_list":["post-17437","post","type-post","status-publish","format-standard","hentry","category-ehemalige","category-europa","category-fach-politik-sowi","category-stubo","nodate","item-wrap"],"_links":{"self":[{"href":"https:\/\/www.anne-frank-gymnasium.de\/index.php?rest_route=\/wp\/v2\/posts\/17437","targetHints":{"allow":["GET"]}}],"collection":[{"href":"https:\/\/www.anne-frank-gymnasium.de\/index.php?rest_route=\/wp\/v2\/posts"}],"about":[{"href":"https:\/\/www.anne-frank-gymnasium.de\/index.php?rest_route=\/wp\/v2\/types\/post"}],"author":[{"embeddable":true,"href":"https:\/\/www.anne-frank-gymnasium.de\/index.php?rest_route=\/wp\/v2\/users\/12"}],"replies":[{"embeddable":true,"href":"https:\/\/www.anne-frank-gymnasium.de\/index.php?rest_route=%2Fwp%2Fv2%2Fcomments&post=17437"}],"version-history":[{"count":9,"href":"https:\/\/www.anne-frank-gymnasium.de\/index.php?rest_route=\/wp\/v2\/posts\/17437\/revisions"}],"predecessor-version":[{"id":17447,"href":"https:\/\/www.anne-frank-gymnasium.de\/index.php?rest_route=\/wp\/v2\/posts\/17437\/revisions\/17447"}],"wp:attachment":[{"href":"https:\/\/www.anne-frank-gymnasium.de\/index.php?rest_route=%2Fwp%2Fv2%2Fmedia&parent=17437"}],"wp:term":[{"taxonomy":"category","embeddable":true,"href":"https:\/\/www.anne-frank-gymnasium.de\/index.php?rest_route=%2Fwp%2Fv2%2Fcategories&post=17437"},{"taxonomy":"post_tag","embeddable":true,"href":"https:\/\/www.anne-frank-gymnasium.de\/index.php?rest_route=%2Fwp%2Fv2%2Ftags&post=17437"}],"curies":[{"name":"wp","href":"https:\/\/api.w.org\/{rel}","templated":true}]}}