{"id":17429,"date":"2024-05-08T14:54:11","date_gmt":"2024-05-08T12:54:11","guid":{"rendered":"https:\/\/www.anne-frank-gymnasium.de\/?p=17429"},"modified":"2024-05-08T15:11:24","modified_gmt":"2024-05-08T13:11:24","slug":"erfolge-bei-der-mathematik-olympiade","status":"publish","type":"post","link":"https:\/\/www.anne-frank-gymnasium.de\/?p=17429","title":{"rendered":"Erfolge bei der Mathematik-Olympiade!"},"content":{"rendered":"<p><a href=\"https:\/\/www.anne-frank-gymnasium.de\/wp-content\/uploads\/2024\/05\/Matheolympiade-e1715172717736.jpg\"><img loading=\"lazy\" decoding=\"async\" class=\"wp-image-17430 alignright\" src=\"https:\/\/www.anne-frank-gymnasium.de\/wp-content\/uploads\/2024\/05\/Matheolympiade-e1715172717736-777x1024.jpg\" alt=\"\" width=\"366\" height=\"483\" srcset=\"https:\/\/www.anne-frank-gymnasium.de\/wp-content\/uploads\/2024\/05\/Matheolympiade-e1715172717736-777x1024.jpg 777w, https:\/\/www.anne-frank-gymnasium.de\/wp-content\/uploads\/2024\/05\/Matheolympiade-e1715172717736-228x300.jpg 228w, https:\/\/www.anne-frank-gymnasium.de\/wp-content\/uploads\/2024\/05\/Matheolympiade-e1715172717736-768x1012.jpg 768w, https:\/\/www.anne-frank-gymnasium.de\/wp-content\/uploads\/2024\/05\/Matheolympiade-e1715172717736.jpg 856w\" sizes=\"auto, (max-width: 366px) 100vw, 366px\" \/><\/a>Drei AFG-Sch\u00fcler, Eiko Hosten (5a), Robin Kumpf (5a) und Juri Niehaus (6b), haben Preise bei der diesj\u00e4hrigen <a href=\"https:\/\/www.mathe-wettbewerbe.de\/mathematik-olympiade#t-ueberblick\">Mathematik-Olympiade<\/a> gewonnen. Die Mathematik-Olympiade ist ein mehrstufiger Wettbewerb, bei dem sich Sch\u00fclerinnen und Sch\u00fcler der Jahrgangsstufen 5 bis Q2 an kniffligen Aufgaben versuchen k\u00f6nnen. Der Schwierigkeitsgrad ist nach Altersstufe gestaffelt, jede Jahrgangsstufe bekommt ihre eigenen Aufgaben. Die erste Runde war die Hausaufgabenrunde. Hier l\u00f6sten Sch\u00fclerinnen und Sch\u00fcler aus unseren 5. und 6. Klassen selbst\u00e4ndig und zu Hause eine Reihe von Matheaufgaben, die es in sich hatten. Daf\u00fcr hatten sie mehrere Wochen Zeit. Die L\u00f6sungen wurden von den Mathelehrern Herrn L\u00f6hr und Herrn Reiners ausgewertet.<\/p>\n<p class=\"v1msonormal\" style=\"margin: 0cm;\">Erfolgreiche Knobler durften weiter in die Regionalrunde. In einer zweist\u00fcndigen Klausur konnten sie sich hier an noch anspruchsvolleren Aufgaben erneut beweisen \u2013 mit tollem Erfolg! Eiko und Juri wurden mit einem dritten Platz ausgezeichnet, Robin mit einem zweiten. Er wurde sogar in die Landesrunde eingeladen, bei der sich Sch\u00fcler und Sch\u00fclerinnen aus ganz NRW messen konnten.<\/p>\n<p>&nbsp;<\/p>\n<p>Wir gratulieren unseren Preistr\u00e4gern ganz herzlich!<\/p>\n<p><span style=\"font-size: 8pt;\">Text: Bettina Heuterkes<\/span><\/p>\n","protected":false},"excerpt":{"rendered":"<p><a href=\"https:\/\/www.anne-frank-gymnasium.de\/wp-content\/uploads\/2024\/05\/Matheolympiade-e1715172717736.jpg\"><\/a>Drei AFG-Sch\u00fcler, Eiko Hosten (5a), Robin Kumpf (5a) und Juri Niehaus (6b), haben Preise bei der diesj\u00e4hrigen <a href=\"https:\/\/www.mathe-wettbewerbe.de\/mathematik-olympiade#t-ueberblick\">Mathematik-Olympiade<\/a> gewonnen. Die Mathematik-Olympiade ist ein mehrstufiger Wettbewerb, bei dem sich Sch\u00fclerinnen und Sch\u00fcler der Jahrgangsstufen 5 bis Q2 an kniffligen Aufgaben versuchen k\u00f6nnen. Der Schwierigkeitsgrad ist nach Altersstufe gestaffelt, jede Jahrgangsstufe bekommt ihre eigenen Aufgaben. &hellip; <\/p>\n<p><a class=\"more-link btn\" href=\"https:\/\/www.anne-frank-gymnasium.de\/?p=17429\">Weiterlesen<\/a><\/p>\n","protected":false},"author":12,"featured_media":0,"comment_status":"closed","ping_status":"closed","sticky":false,"template":"","format":"standard","meta":{"footnotes":""},"categories":[96,73],"tags":[],"class_list":["post-17429","post","type-post","status-publish","format-standard","hentry","category-begabungsfoerderung","category-fach-mathe","nodate","item-wrap"],"_links":{"self":[{"href":"https:\/\/www.anne-frank-gymnasium.de\/index.php?rest_route=\/wp\/v2\/posts\/17429","targetHints":{"allow":["GET"]}}],"collection":[{"href":"https:\/\/www.anne-frank-gymnasium.de\/index.php?rest_route=\/wp\/v2\/posts"}],"about":[{"href":"https:\/\/www.anne-frank-gymnasium.de\/index.php?rest_route=\/wp\/v2\/types\/post"}],"author":[{"embeddable":true,"href":"https:\/\/www.anne-frank-gymnasium.de\/index.php?rest_route=\/wp\/v2\/users\/12"}],"replies":[{"embeddable":true,"href":"https:\/\/www.anne-frank-gymnasium.de\/index.php?rest_route=%2Fwp%2Fv2%2Fcomments&post=17429"}],"version-history":[{"count":6,"href":"https:\/\/www.anne-frank-gymnasium.de\/index.php?rest_route=\/wp\/v2\/posts\/17429\/revisions"}],"predecessor-version":[{"id":17436,"href":"https:\/\/www.anne-frank-gymnasium.de\/index.php?rest_route=\/wp\/v2\/posts\/17429\/revisions\/17436"}],"wp:attachment":[{"href":"https:\/\/www.anne-frank-gymnasium.de\/index.php?rest_route=%2Fwp%2Fv2%2Fmedia&parent=17429"}],"wp:term":[{"taxonomy":"category","embeddable":true,"href":"https:\/\/www.anne-frank-gymnasium.de\/index.php?rest_route=%2Fwp%2Fv2%2Fcategories&post=17429"},{"taxonomy":"post_tag","embeddable":true,"href":"https:\/\/www.anne-frank-gymnasium.de\/index.php?rest_route=%2Fwp%2Fv2%2Ftags&post=17429"}],"curies":[{"name":"wp","href":"https:\/\/api.w.org\/{rel}","templated":true}]}}