{"id":17412,"date":"2024-05-08T11:37:11","date_gmt":"2024-05-08T09:37:11","guid":{"rendered":"https:\/\/www.anne-frank-gymnasium.de\/?p=17412"},"modified":"2024-10-13T10:47:28","modified_gmt":"2024-10-13T08:47:28","slug":"afg-erhaelt-auszeichnung-medienscouts-schule-2024","status":"publish","type":"post","link":"https:\/\/www.anne-frank-gymnasium.de\/?p=17412","title":{"rendered":"AFG erh\u00e4lt Auszeichnung Medienscouts-Schule 2024"},"content":{"rendered":"<p><a href=\"https:\/\/www.anne-frank-gymnasium.de\/wp-content\/uploads\/2024\/05\/Medienscouts-Vorlage-4_Websticker.png\"><img loading=\"lazy\" decoding=\"async\" class=\" wp-image-17414 alignright\" src=\"https:\/\/www.anne-frank-gymnasium.de\/wp-content\/uploads\/2024\/05\/Medienscouts-Vorlage-4_Websticker-1024x1024.png\" alt=\"\" width=\"324\" height=\"324\" srcset=\"https:\/\/www.anne-frank-gymnasium.de\/wp-content\/uploads\/2024\/05\/Medienscouts-Vorlage-4_Websticker-1024x1024.png 1024w, https:\/\/www.anne-frank-gymnasium.de\/wp-content\/uploads\/2024\/05\/Medienscouts-Vorlage-4_Websticker-300x300.png 300w, https:\/\/www.anne-frank-gymnasium.de\/wp-content\/uploads\/2024\/05\/Medienscouts-Vorlage-4_Websticker-150x150.png 150w, https:\/\/www.anne-frank-gymnasium.de\/wp-content\/uploads\/2024\/05\/Medienscouts-Vorlage-4_Websticker-768x768.png 768w, https:\/\/www.anne-frank-gymnasium.de\/wp-content\/uploads\/2024\/05\/Medienscouts-Vorlage-4_Websticker-1536x1536.png 1536w, https:\/\/www.anne-frank-gymnasium.de\/wp-content\/uploads\/2024\/05\/Medienscouts-Vorlage-4_Websticker-2048x2048.png 2048w, https:\/\/www.anne-frank-gymnasium.de\/wp-content\/uploads\/2024\/05\/Medienscouts-Vorlage-4_Websticker-870x870.png 870w\" sizes=\"auto, (max-width: 324px) 100vw, 324px\" \/><\/a>Erst in diesem Jahr wurden am AFG <a href=\"https:\/\/www.anne-frank-gymnasium.de\/?p=16482\">vier neue Mediensouts qualifiziert<\/a>. Unsere Medienscouts liefern einen wichtigen Beitrag in der Medienbildung an unserer Schule und st\u00e4rken damit unser umfangreiches Digitalkonzept, f\u00fcr das wir k\u00fcrzlich <a href=\"https:\/\/www.anne-frank-gymnasium.de\/?p=16754\">ausgezeichnet<\/a> wurden.\u00a0 Dem Anne-Frank-Gymnasium wurde vom Ministerium f\u00fcr Schule und Bildung des Landes Nordrhein-Westfalen und der Landesanstalt f\u00fcr Medien NRW nun das Abzeichen \u201eMedienscouts-Schule 2024\u201c verliehen. Die Auszeichnung erhalten ausschlie\u00dflich Schulen, die sich f\u00fcr das Angebot Medienscouts NRW besonders engagieren.<\/p>\n<p>Die Medienscouts sind Sch\u00fclerinnen und Sch\u00fcler, die ihren Mitsch\u00fclerinnen und Sch\u00fclern bei Problemen und Fragen in ihrem digitalen Alltag zur Seite stehen. Dar\u00fcber hinaus f\u00fchren die Medienscouts Schulungen zu speziellen Themen wie der Abwehr von sexuellen \u00dcbergriffen im Internet oder dem Umgang mit Cybermobbing durch. Das Engagement der Medienscouts ist ehrenamtlich. Den Medienscouts des AFG steht Herr Windh\u00f6vel als Ansprechpersonen zur Verf\u00fcgung. Geschult werden die Medienscouts durch Medientrainerinnen und -trainer der Landesanstalt f\u00fcr Medien NRW. Das Angebot folgt damit dem Peer-to-Peer-Ansatz und setzt auf das spezielle Vertrauensverh\u00e4ltnis zwischen Gleichaltrigen. Dabei stehen speziell ausgebildete Sch\u00fclerinnen und Sch\u00fcler ihren Mitsch\u00fclerinnen und Mitsch\u00fclern zur Seite, um Problemen im digitalen Alltag vorzubeugen. Die stetige Ausweitung des Angebots wird durch Mittel des Ministeriums f\u00fcr Schule und Bildung des Landes Nordrhein-Westfalen erm\u00f6glicht.<\/p>\n<p><span style=\"font-size: 8pt;\">Text: Johannes Kraft \/ Landesanstalt f\u00fcr Medien NRW<\/span><\/p>\n","protected":false},"excerpt":{"rendered":"<p><a href=\"https:\/\/www.anne-frank-gymnasium.de\/wp-content\/uploads\/2024\/05\/Medienscouts-Vorlage-4_Websticker.png\"><\/a>Erst in diesem Jahr wurden am AFG <a href=\"https:\/\/www.anne-frank-gymnasium.de\/?p=16482\">vier neue Mediensouts qualifiziert<\/a>. Unsere Medienscouts liefern einen wichtigen Beitrag in der Medienbildung an unserer Schule und st\u00e4rken damit unser umfangreiches Digitalkonzept, f\u00fcr das wir k\u00fcrzlich <a href=\"https:\/\/www.anne-frank-gymnasium.de\/?p=16754\">ausgezeichnet<\/a> wurden.\u00a0 Dem Anne-Frank-Gymnasium wurde vom Ministerium f\u00fcr Schule und Bildung des Landes Nordrhein-Westfalen und der Landesanstalt f\u00fcr Medien &hellip; <\/p>\n<p><a class=\"more-link btn\" href=\"https:\/\/www.anne-frank-gymnasium.de\/?p=17412\">Weiterlesen<\/a><\/p>\n","protected":false},"author":12,"featured_media":0,"comment_status":"closed","ping_status":"closed","sticky":false,"template":"","format":"standard","meta":{"footnotes":""},"categories":[84,105],"tags":[],"class_list":["post-17412","post","type-post","status-publish","format-standard","hentry","category-corona","category-medienscouts","nodate","item-wrap"],"_links":{"self":[{"href":"https:\/\/www.anne-frank-gymnasium.de\/index.php?rest_route=\/wp\/v2\/posts\/17412","targetHints":{"allow":["GET"]}}],"collection":[{"href":"https:\/\/www.anne-frank-gymnasium.de\/index.php?rest_route=\/wp\/v2\/posts"}],"about":[{"href":"https:\/\/www.anne-frank-gymnasium.de\/index.php?rest_route=\/wp\/v2\/types\/post"}],"author":[{"embeddable":true,"href":"https:\/\/www.anne-frank-gymnasium.de\/index.php?rest_route=\/wp\/v2\/users\/12"}],"replies":[{"embeddable":true,"href":"https:\/\/www.anne-frank-gymnasium.de\/index.php?rest_route=%2Fwp%2Fv2%2Fcomments&post=17412"}],"version-history":[{"count":4,"href":"https:\/\/www.anne-frank-gymnasium.de\/index.php?rest_route=\/wp\/v2\/posts\/17412\/revisions"}],"predecessor-version":[{"id":17428,"href":"https:\/\/www.anne-frank-gymnasium.de\/index.php?rest_route=\/wp\/v2\/posts\/17412\/revisions\/17428"}],"wp:attachment":[{"href":"https:\/\/www.anne-frank-gymnasium.de\/index.php?rest_route=%2Fwp%2Fv2%2Fmedia&parent=17412"}],"wp:term":[{"taxonomy":"category","embeddable":true,"href":"https:\/\/www.anne-frank-gymnasium.de\/index.php?rest_route=%2Fwp%2Fv2%2Fcategories&post=17412"},{"taxonomy":"post_tag","embeddable":true,"href":"https:\/\/www.anne-frank-gymnasium.de\/index.php?rest_route=%2Fwp%2Fv2%2Ftags&post=17412"}],"curies":[{"name":"wp","href":"https:\/\/api.w.org\/{rel}","templated":true}]}}