{"id":17193,"date":"2024-02-29T20:35:38","date_gmt":"2024-02-29T19:35:38","guid":{"rendered":"https:\/\/www.anne-frank-gymnasium.de\/?p=17193"},"modified":"2024-02-29T21:01:37","modified_gmt":"2024-02-29T20:01:37","slug":"achtung-buecherwuermer-und-leseratten-unter-uns","status":"publish","type":"post","link":"https:\/\/www.anne-frank-gymnasium.de\/?p=17193","title":{"rendered":"Achtung, B\u00fccherw\u00fcrmer und Leseratten unter uns!"},"content":{"rendered":"<p><a href=\"https:\/\/www.anne-frank-gymnasium.de\/wp-content\/uploads\/2024\/02\/IMG-20240206-WA0003.jpg\"><img loading=\"lazy\" decoding=\"async\" class=\" wp-image-17194 alignleft\" src=\"https:\/\/www.anne-frank-gymnasium.de\/wp-content\/uploads\/2024\/02\/IMG-20240206-WA0003.jpg\" alt=\"\" width=\"329\" height=\"439\" srcset=\"https:\/\/www.anne-frank-gymnasium.de\/wp-content\/uploads\/2024\/02\/IMG-20240206-WA0003.jpg 685w, https:\/\/www.anne-frank-gymnasium.de\/wp-content\/uploads\/2024\/02\/IMG-20240206-WA0003-225x300.jpg 225w\" sizes=\"auto, (max-width: 329px) 100vw, 329px\" \/><\/a><\/p>\n<p>&nbsp;<\/p>\n<div dir=\"auto\"><\/div>\n<div dir=\"auto\">Nach dem Sieg im schulinternen Vorlesewettbewerb hat das AFG Juri Niehaus (6b) am 4.2 zum Stadt-Entscheid in die Mayersche Buchhandlung gesandt. Mit einer fesselnden Geschichte, die er grandios intonierte, \u00fcberzeugte er die Jury und gewann den Vorlesewettbewerb der Aachener Schulen.<\/div>\n<div dir=\"auto\"><\/div>\n<div dir=\"auto\"><\/div>\n<div dir=\"auto\">Nun erwartet ihn die n\u00e4chste Herausforderung auf Bezirksebene in K\u00f6ln. Wie dr\u00fccken Juri alle Daumen!!!<\/div>\n<div dir=\"auto\"><\/div>\n","protected":false},"excerpt":{"rendered":"<p><a href=\"https:\/\/www.anne-frank-gymnasium.de\/wp-content\/uploads\/2024\/02\/IMG-20240206-WA0003.jpg\"><\/a><\/p>\n<p>&nbsp;<\/p>\n<p> Nach dem Sieg im schulinternen Vorlesewettbewerb hat das AFG Juri Niehaus (6b) am 4.2 zum Stadt-Entscheid in die Mayersche Buchhandlung gesandt. Mit einer fesselnden Geschichte, die er grandios intonierte, \u00fcberzeugte er die Jury und gewann den Vorlesewettbewerb der Aachener Schulen. Nun erwartet ihn die n\u00e4chste Herausforderung auf Bezirksebene in K\u00f6ln. Wie dr\u00fccken &hellip; <\/p>\n<p><a class=\"more-link btn\" href=\"https:\/\/www.anne-frank-gymnasium.de\/?p=17193\">Weiterlesen<\/a><\/p>\n","protected":false},"author":12,"featured_media":0,"comment_status":"closed","ping_status":"closed","sticky":false,"template":"","format":"standard","meta":{"footnotes":""},"categories":[57,44],"tags":[],"class_list":["post-17193","post","type-post","status-publish","format-standard","hentry","category-stufe-unterstufe","category-fach-deutsch","nodate","item-wrap"],"_links":{"self":[{"href":"https:\/\/www.anne-frank-gymnasium.de\/index.php?rest_route=\/wp\/v2\/posts\/17193","targetHints":{"allow":["GET"]}}],"collection":[{"href":"https:\/\/www.anne-frank-gymnasium.de\/index.php?rest_route=\/wp\/v2\/posts"}],"about":[{"href":"https:\/\/www.anne-frank-gymnasium.de\/index.php?rest_route=\/wp\/v2\/types\/post"}],"author":[{"embeddable":true,"href":"https:\/\/www.anne-frank-gymnasium.de\/index.php?rest_route=\/wp\/v2\/users\/12"}],"replies":[{"embeddable":true,"href":"https:\/\/www.anne-frank-gymnasium.de\/index.php?rest_route=%2Fwp%2Fv2%2Fcomments&post=17193"}],"version-history":[{"count":9,"href":"https:\/\/www.anne-frank-gymnasium.de\/index.php?rest_route=\/wp\/v2\/posts\/17193\/revisions"}],"predecessor-version":[{"id":17203,"href":"https:\/\/www.anne-frank-gymnasium.de\/index.php?rest_route=\/wp\/v2\/posts\/17193\/revisions\/17203"}],"wp:attachment":[{"href":"https:\/\/www.anne-frank-gymnasium.de\/index.php?rest_route=%2Fwp%2Fv2%2Fmedia&parent=17193"}],"wp:term":[{"taxonomy":"category","embeddable":true,"href":"https:\/\/www.anne-frank-gymnasium.de\/index.php?rest_route=%2Fwp%2Fv2%2Fcategories&post=17193"},{"taxonomy":"post_tag","embeddable":true,"href":"https:\/\/www.anne-frank-gymnasium.de\/index.php?rest_route=%2Fwp%2Fv2%2Ftags&post=17193"}],"curies":[{"name":"wp","href":"https:\/\/api.w.org\/{rel}","templated":true}]}}