{"id":17028,"date":"2024-02-02T18:26:03","date_gmt":"2024-02-02T17:26:03","guid":{"rendered":"https:\/\/www.anne-frank-gymnasium.de\/?p=17028"},"modified":"2024-02-03T09:17:00","modified_gmt":"2024-02-03T08:17:00","slug":"online-theaterworkshop-der-jungendoper-wien","status":"publish","type":"post","link":"https:\/\/www.anne-frank-gymnasium.de\/?p=17028","title":{"rendered":"Online-Theaterworkshop der Jungendoper Wien"},"content":{"rendered":"<p><a href=\"https:\/\/www.anne-frank-gymnasium.de\/wp-content\/uploads\/2024\/02\/20240129_123037-scaled.jpg\"><img loading=\"lazy\" decoding=\"async\" class=\"aligncenter wp-image-17026 size-full\" src=\"https:\/\/www.anne-frank-gymnasium.de\/wp-content\/uploads\/2024\/02\/20240129_123037-scaled-e1706948170456.jpg\" alt=\"\" width=\"2560\" height=\"1442\" srcset=\"https:\/\/www.anne-frank-gymnasium.de\/wp-content\/uploads\/2024\/02\/20240129_123037-scaled-e1706948170456.jpg 2560w, https:\/\/www.anne-frank-gymnasium.de\/wp-content\/uploads\/2024\/02\/20240129_123037-scaled-e1706948170456-300x169.jpg 300w, https:\/\/www.anne-frank-gymnasium.de\/wp-content\/uploads\/2024\/02\/20240129_123037-scaled-e1706948170456-1024x577.jpg 1024w, https:\/\/www.anne-frank-gymnasium.de\/wp-content\/uploads\/2024\/02\/20240129_123037-scaled-e1706948170456-768x433.jpg 768w, https:\/\/www.anne-frank-gymnasium.de\/wp-content\/uploads\/2024\/02\/20240129_123037-scaled-e1706948170456-1536x865.jpg 1536w, https:\/\/www.anne-frank-gymnasium.de\/wp-content\/uploads\/2024\/02\/20240129_123037-scaled-e1706948170456-2048x1154.jpg 2048w, https:\/\/www.anne-frank-gymnasium.de\/wp-content\/uploads\/2024\/02\/20240129_123037-scaled-e1706948170456-870x490.jpg 870w\" sizes=\"auto, (max-width: 2560px) 100vw, 2560px\" \/><\/a><\/p>\n<p>Am 29.1.2024 erwartete unsere Sch\u00fclerinnen und Sch\u00fcler der Klasse 8b ein besonderes Angebot: Krysztina Winkel von der Staatsoper Wien war im Deutschunterricht per Videokonferenz zugeschaltet, um einen Workshop zu Wolfgang Herrndorfs Jugendroman \u201eTschick\u201c (2010) zu leiten. Die geb\u00fcrtige Aachnerin feierte im Jahr 2022 mit der gleichnamigen Opern-Inszenierung ihr Regiedeb\u00fct und erschien dadurch pr\u00e4destiniert, neue Blickwinkel auf das Werk zu erm\u00f6glichen und zu eigenen szenischen Darbietungen zu animieren.<\/p>\n<p><!--more--><\/p>\n<p>Zun\u00e4chst stellte die Wahl-Wienerin ihre Person und die Staatsoper kurz vor, wobei so manche(r) der Jugendlichen bereits ins Staunen versetzt wurde: 2000 Besucher:innen ist es m\u00f6glich, Auff\u00fchrungen im imposanten Traditionshaus beizuwohnen; gleichzeitig sind \u00fcber 1000 Mitarbeitende rund um den Betrieb in verschiedensten Berufsfeldern besch\u00e4ftigt.<\/p>\n<p>Im n\u00e4chsten Schritt sollten kurze Impulse zu den Figuren und zur Handlung das Vorwissen der Lernenden aktivieren. Herrndorfs Roman dreht sich um zwei jugendliche Au\u00dfenseiter, die in einem geklauten Lada einen waghalsigen Roadtrip erleben und dabei abenteuerliche Erfahrungen sammeln, wobei sie letztlich eine ungew\u00f6hnliche Freundschaft entwickeln. Die Sch\u00fcler:innen hatten sich im Deutschunterricht bereits mit Ausz\u00fcgen des Romans besch\u00e4ftigt und diese mit Teilen von Fatih Akins Verfilmung aus dem Jahr 2016 verglichen.<\/p>\n<p>Den Kern des Workshops bildete die szenische Umsetzung wichtiger Passagen aus dem Roman rund um die Figuren Maik, Tschick und Isa. Hierbei war die gesamte Klasse beteiligt, denn die einzelnen Szenen wurden arbeitsteilig in Gruppen vorbereitet und vor dem Plenum nacheinander vorgef\u00fchrt. Expertin\u00a0 Winkel zeigte sich begeistert und auch das Feedback der Mitsch\u00fcler:innen fiel \u00e4u\u00dferst konstruktiv und wertsch\u00e4tzend aus.<\/p>\n<p><a href=\"https:\/\/www.anne-frank-gymnasium.de\/wp-content\/uploads\/2024\/02\/20240129_124049-scaled.jpg\"><img loading=\"lazy\" decoding=\"async\" class=\"aligncenter wp-image-17027 size-full\" src=\"https:\/\/www.anne-frank-gymnasium.de\/wp-content\/uploads\/2024\/02\/20240129_124049-scaled-e1706948197292.jpg\" alt=\"\" width=\"2560\" height=\"1442\" srcset=\"https:\/\/www.anne-frank-gymnasium.de\/wp-content\/uploads\/2024\/02\/20240129_124049-scaled-e1706948197292.jpg 2560w, https:\/\/www.anne-frank-gymnasium.de\/wp-content\/uploads\/2024\/02\/20240129_124049-scaled-e1706948197292-300x169.jpg 300w, https:\/\/www.anne-frank-gymnasium.de\/wp-content\/uploads\/2024\/02\/20240129_124049-scaled-e1706948197292-1024x577.jpg 1024w, https:\/\/www.anne-frank-gymnasium.de\/wp-content\/uploads\/2024\/02\/20240129_124049-scaled-e1706948197292-768x433.jpg 768w, https:\/\/www.anne-frank-gymnasium.de\/wp-content\/uploads\/2024\/02\/20240129_124049-scaled-e1706948197292-1536x865.jpg 1536w, https:\/\/www.anne-frank-gymnasium.de\/wp-content\/uploads\/2024\/02\/20240129_124049-scaled-e1706948197292-2048x1154.jpg 2048w, https:\/\/www.anne-frank-gymnasium.de\/wp-content\/uploads\/2024\/02\/20240129_124049-scaled-e1706948197292-870x490.jpg 870w\" sizes=\"auto, (max-width: 2560px) 100vw, 2560px\" \/><\/a><\/p>\n<p>Trotz kleinerer technischer H\u00fcrden wurde der Workshop sehr lebendig gestaltet \u2013 aktivierende Elemente wie eine QR-Code-basierte Umfrage konnten in der iPad-Klasse spielend gemeistert werden \u2013 und die Jugendlichen zeigten offensichtlichen Spa\u00df an der Sache und ein hohes Ma\u00df an Aktivierung.<\/p>\n<p>So fiel am Ende auch ihr Urteil zur Veranstaltung sehr positiv aus und vielleicht konnte\u00a0 der ein oder andere Nachwuchsakteur f\u00fcr unsere Theater-AG oder zuk\u00fcnftige Literaturkurse gewonnen werden.<\/p>\n<p>Wir danken Krysztina Winkel und der Jugendoper Wien herzlich f\u00fcr das tolle Angebot!<\/p>\n<p>&nbsp;<\/p>\n<p>Felix Meisel<\/p>\n","protected":false},"excerpt":{"rendered":"<p><a href=\"https:\/\/www.anne-frank-gymnasium.de\/wp-content\/uploads\/2024\/02\/20240129_123037-scaled.jpg\"><\/a><\/p>\n<p>Am 29.1.2024 erwartete unsere Sch\u00fclerinnen und Sch\u00fcler der Klasse 8b ein besonderes Angebot: Krysztina Winkel von der Staatsoper Wien war im Deutschunterricht per Videokonferenz zugeschaltet, um einen Workshop zu Wolfgang Herrndorfs Jugendroman \u201eTschick\u201c (2010) zu leiten. Die geb\u00fcrtige Aachnerin feierte im Jahr 2022 mit der gleichnamigen Opern-Inszenierung ihr Regiedeb\u00fct und erschien dadurch pr\u00e4destiniert, &hellip; <\/p>\n<p><a class=\"more-link btn\" href=\"https:\/\/www.anne-frank-gymnasium.de\/?p=17028\">Weiterlesen<\/a><\/p>\n","protected":false},"author":13,"featured_media":0,"comment_status":"closed","ping_status":"closed","sticky":false,"template":"","format":"standard","meta":{"footnotes":""},"categories":[84,44,41],"tags":[],"class_list":["post-17028","post","type-post","status-publish","format-standard","hentry","category-corona","category-fach-deutsch","category-theater","nodate","item-wrap"],"_links":{"self":[{"href":"https:\/\/www.anne-frank-gymnasium.de\/index.php?rest_route=\/wp\/v2\/posts\/17028","targetHints":{"allow":["GET"]}}],"collection":[{"href":"https:\/\/www.anne-frank-gymnasium.de\/index.php?rest_route=\/wp\/v2\/posts"}],"about":[{"href":"https:\/\/www.anne-frank-gymnasium.de\/index.php?rest_route=\/wp\/v2\/types\/post"}],"author":[{"embeddable":true,"href":"https:\/\/www.anne-frank-gymnasium.de\/index.php?rest_route=\/wp\/v2\/users\/13"}],"replies":[{"embeddable":true,"href":"https:\/\/www.anne-frank-gymnasium.de\/index.php?rest_route=%2Fwp%2Fv2%2Fcomments&post=17028"}],"version-history":[{"count":4,"href":"https:\/\/www.anne-frank-gymnasium.de\/index.php?rest_route=\/wp\/v2\/posts\/17028\/revisions"}],"predecessor-version":[{"id":17032,"href":"https:\/\/www.anne-frank-gymnasium.de\/index.php?rest_route=\/wp\/v2\/posts\/17028\/revisions\/17032"}],"wp:attachment":[{"href":"https:\/\/www.anne-frank-gymnasium.de\/index.php?rest_route=%2Fwp%2Fv2%2Fmedia&parent=17028"}],"wp:term":[{"taxonomy":"category","embeddable":true,"href":"https:\/\/www.anne-frank-gymnasium.de\/index.php?rest_route=%2Fwp%2Fv2%2Fcategories&post=17028"},{"taxonomy":"post_tag","embeddable":true,"href":"https:\/\/www.anne-frank-gymnasium.de\/index.php?rest_route=%2Fwp%2Fv2%2Ftags&post=17028"}],"curies":[{"name":"wp","href":"https:\/\/api.w.org\/{rel}","templated":true}]}}