{"id":17007,"date":"2024-02-05T10:24:28","date_gmt":"2024-02-05T09:24:28","guid":{"rendered":"https:\/\/www.anne-frank-gymnasium.de\/?p=17007"},"modified":"2024-02-29T11:56:21","modified_gmt":"2024-02-29T10:56:21","slug":"das-afg-nimmt-es-mit-der-ki-auf-themenwoche-afg-meets-ki-19-23-2-24-fuer-verschiedene-zielgruppen","status":"publish","type":"post","link":"https:\/\/www.anne-frank-gymnasium.de\/?p=17007","title":{"rendered":"Themenwoche zur k\u00fcnstliche Intelligenz (19.-23.2.24) &#8211; Veranstaltungen f\u00fcr Sch\u00fcler*innen und Eltern"},"content":{"rendered":"<p><a href=\"https:\/\/www.anne-frank-gymnasium.de\/wp-content\/uploads\/2024\/02\/Themenwoche-KI-Plakat.png\"><img loading=\"lazy\" decoding=\"async\" class=\" wp-image-17008 alignright\" src=\"https:\/\/www.anne-frank-gymnasium.de\/wp-content\/uploads\/2024\/02\/Themenwoche-KI-Plakat-724x1024.png\" alt=\"\" width=\"337\" height=\"476\" srcset=\"https:\/\/www.anne-frank-gymnasium.de\/wp-content\/uploads\/2024\/02\/Themenwoche-KI-Plakat-724x1024.png 724w, https:\/\/www.anne-frank-gymnasium.de\/wp-content\/uploads\/2024\/02\/Themenwoche-KI-Plakat-212x300.png 212w, https:\/\/www.anne-frank-gymnasium.de\/wp-content\/uploads\/2024\/02\/Themenwoche-KI-Plakat-768x1086.png 768w, https:\/\/www.anne-frank-gymnasium.de\/wp-content\/uploads\/2024\/02\/Themenwoche-KI-Plakat-1086x1536.png 1086w, https:\/\/www.anne-frank-gymnasium.de\/wp-content\/uploads\/2024\/02\/Themenwoche-KI-Plakat-870x1231.png 870w, https:\/\/www.anne-frank-gymnasium.de\/wp-content\/uploads\/2024\/02\/Themenwoche-KI-Plakat.png 1414w\" sizes=\"auto, (max-width: 337px) 100vw, 337px\" \/><\/a>Erst im Herbst 2023 wurde das Anne-Frank-Gymnasium von der Landesregierung f\u00fcr sein fortschrittliches Digitalkonzept <a href=\"https:\/\/www.anne-frank-gymnasium.de\/?p=16754\">als \u201eDigitale Schule&#8220; zertifiziert<\/a>. Wir m\u00f6chten damit unseren Sch\u00fclerinnen und Sch\u00fclern erm\u00f6glichen, aktuelle und zuk\u00fcnftige Umw\u00e4lzungen des Lebens, Lernens und Arbeitens durch die Digitalisierung zu meistern und mitgestalten zu k\u00f6nnen. Unser Konzept basiert unter anderem auf m\u00f6glichst durchg\u00e4ngigem und qualitativem Informatikunterricht, fr\u00fcher Pr\u00e4vention zu Cybermobbing, der <a href=\"https:\/\/www.anne-frank-gymnasium.de\/?page_id=12626\">Arbeit mit dem iPad<\/a> ab der Mittelstufe, der Ausbildung von <a href=\"https:\/\/www.anne-frank-gymnasium.de\/?p=16482\">Medienscouts<\/a>, dem stetigen Ausbau der digitalen Ausstattung sowie der kontinuierlichen Qualifizierung unserer Lehrkr\u00e4fte. So gab es zuletzt an einem p\u00e4dagogischen Tag am 18.12.23 einen Fachvortrag zum Einsatz KI-basierter Technologien in Schule und Bildung von Prof. Dr. Becker-Genschow von der Universit\u00e4t zu K\u00f6ln gefolgt von zwei Workshops externer Experten zu digitalen Projekten und Leistungsmessungsformaten. Im Anschluss nutzten die Lehrkr\u00e4fte eine digitale Plattform zur weiteren Fortbildung. Am Themenabend <a href=\"https:\/\/www.anne-frank-gymnasium.de\/?p=16972\">\u201eAFG meets MINT\u201c am 31.01.24<\/a> sahen interessierte Besucherinnen und Besucher Vorstellungen, Projekte und Vortr\u00e4ge zu allen schulischen <a href=\"https:\/\/www.anne-frank-gymnasium.de\/?page_id=1847\">MINT-F\u00e4chern<\/a> (<a href=\"https:\/\/www.anne-frank-gymnasium.de\/?page_id=9362\">Mathematik<\/a>, <a href=\"https:\/\/www.anne-frank-gymnasium.de\/?page_id=9156\">Informatik<\/a>, <a href=\"https:\/\/www.anne-frank-gymnasium.de\/?cat=67\">Biologie<\/a>, <a href=\"https:\/\/www.anne-frank-gymnasium.de\/?page_id=9378\">Chemie<\/a>, <a href=\"https:\/\/www.anne-frank-gymnasium.de\/?cat=69\">Physik<\/a>).<\/p>\n<p><!--more--><\/p>\n<p>&nbsp;<\/p>\n<p><a href=\"https:\/\/www.anne-frank-gymnasium.de\/wp-content\/uploads\/2024\/02\/4.jpg\"><img loading=\"lazy\" decoding=\"async\" class=\" wp-image-17139 alignleft\" src=\"https:\/\/www.anne-frank-gymnasium.de\/wp-content\/uploads\/2024\/02\/4-724x1024.jpg\" alt=\"\" width=\"345\" height=\"488\" srcset=\"https:\/\/www.anne-frank-gymnasium.de\/wp-content\/uploads\/2024\/02\/4-724x1024.jpg 724w, https:\/\/www.anne-frank-gymnasium.de\/wp-content\/uploads\/2024\/02\/4-212x300.jpg 212w, https:\/\/www.anne-frank-gymnasium.de\/wp-content\/uploads\/2024\/02\/4-768x1086.jpg 768w, https:\/\/www.anne-frank-gymnasium.de\/wp-content\/uploads\/2024\/02\/4-1086x1536.jpg 1086w, https:\/\/www.anne-frank-gymnasium.de\/wp-content\/uploads\/2024\/02\/4-870x1231.jpg 870w, https:\/\/www.anne-frank-gymnasium.de\/wp-content\/uploads\/2024\/02\/4.jpg 1414w\" sizes=\"auto, (max-width: 345px) 100vw, 345px\" \/><\/a>Das Thema KI besch\u00e4ftigt das Kollegium nun bereits einige Zeit und verspricht noch viele Ver\u00e4nderungen, Chancen und Risiken. \u201eDie Umw\u00e4lzungen rund um k\u00fcnstliche Intelligenz werden uns nicht erst in ein paar Jahren erreichen. Die Ver\u00e4nderungen beginnen jetzt in diesem Augenblick. Darauf m\u00f6chten wir mit den Sch\u00fclerinnen und Sch\u00fclern reagieren und praktische Anwendungen klar machen.&#8220;, so Schulleiter Dr. Alexander Heimes, der die Themenwoche \u201eAFG meets KI\u201c am Anne-Frank-Gymnasium zusammen mit IT-Koordinator Dr. Jan Kritzner hauptverantwortlich organisiert. Vom 19.- 23. Februar 2024 werden ausgewiesene Expertinnen und Experten aus Wissenschaft und Wirtschaft mehrere Veranstaltungen f\u00fcr unterschiedliche Zielgruppen anbieten:\u00a0Prof. Dr. Stephan Kallweit von der FH Aachen wird mit den Informatikkursen der Jahrgangsstufe 9 einen Workshop zu maschinellem Lernen und der Steuerung von Flugger\u00e4ten und Robotern durchf\u00fchren. Die Stufe 10 wird zu einem Vortrag des RWTH-KI-Center-Vorstandsmitglieds Prof. Dr. Sebastian Trimpe eingeladen. Hier geht es um die Fragestellung, wie Maschinen lernen und wie ChatGPT funktioniert. Der KI-Startup-Unternehmer Dr. Daniel Trauth wird den Informatikkursen der Q1 in einem ganzt\u00e4gigen Workshop einen \u201aAbibot\u2018 erstellen, aufbauend auf dem Prinzip von ChatGPT. Unterst\u00fctzt wird das Anne-Frank-Gymnasium dabei vom Fraunhofer Institut. Hanna Schapers, Mitarbeiterin bei der EU-Kommission, besucht die Q1-Sowi-Kurse und referiert u.a. zur KI-Strategie der Europ\u00e4ischen Union. Professor Dr. Ingo Elsen und Matteo Tschesche von der FH Aachen diskutieren und erproben mit dem Q2-Mathe-LK, was an KI n\u00f6tig ist, damit ihr Laufroboter versch\u00fcttete Personen in einem Erdbebengebiet finden kann.<\/p>\n<p>Die Schulgemeinschaft des AFG besteht aber nat\u00fcrlich nicht nur aus Lehrkr\u00e4ften und Sch\u00fclerinnen und Sch\u00fclern. Der Austausch mit den Eltern und dem Umfeld in Aachens Nordwesten bedeutet Kollegium und Schulleitung viel. F\u00fcr Eltern und andere interessierte Besucher wird es daher am 21.2.2024 um 19 Uhr in der Schulaula einen kostenfreien Fachvortrag geben: Prof. Dr. Sven Kommer und Prof. Dr. Gabriele Gramelsberger von der RWTH Aachen sprechen \u00fcber das \u00fcberaus interessante Thema <em>&#8222;Das Ende der Schule, wie wir sie kennen? &#8211; Wie KI die Schule ver\u00e4ndert&#8220;<\/em>. Wir freuen uns auf Ihren Besuch und auf viele spannende Diskussionen im Rahmen des Zukunftsthemas k\u00fcnstliche Intelligenz.<\/p>\n<p><span style=\"font-size: 8pt;\">Text: Johannes Kraft<\/span><\/p>\n","protected":false},"excerpt":{"rendered":"<p><a href=\"https:\/\/www.anne-frank-gymnasium.de\/wp-content\/uploads\/2024\/02\/Themenwoche-KI-Plakat.png\"><\/a>Erst im Herbst 2023 wurde das Anne-Frank-Gymnasium von der Landesregierung f\u00fcr sein fortschrittliches Digitalkonzept <a href=\"https:\/\/www.anne-frank-gymnasium.de\/?p=16754\">als \u201eDigitale Schule&#8220; zertifiziert<\/a>. Wir m\u00f6chten damit unseren Sch\u00fclerinnen und Sch\u00fclern erm\u00f6glichen, aktuelle und zuk\u00fcnftige Umw\u00e4lzungen des Lebens, Lernens und Arbeitens durch die Digitalisierung zu meistern und mitgestalten zu k\u00f6nnen. Unser Konzept basiert unter anderem auf m\u00f6glichst durchg\u00e4ngigem und &hellip; <\/p>\n<p><a class=\"more-link btn\" href=\"https:\/\/www.anne-frank-gymnasium.de\/?p=17007\">Weiterlesen<\/a><\/p>\n","protected":false},"author":12,"featured_media":0,"comment_status":"closed","ping_status":"closed","sticky":false,"template":"","format":"standard","meta":{"footnotes":""},"categories":[101,84,66],"tags":[],"class_list":["post-17007","post","type-post","status-publish","format-standard","hentry","category-afg-meets","category-corona","category-fach-informatik","nodate","item-wrap"],"_links":{"self":[{"href":"https:\/\/www.anne-frank-gymnasium.de\/index.php?rest_route=\/wp\/v2\/posts\/17007","targetHints":{"allow":["GET"]}}],"collection":[{"href":"https:\/\/www.anne-frank-gymnasium.de\/index.php?rest_route=\/wp\/v2\/posts"}],"about":[{"href":"https:\/\/www.anne-frank-gymnasium.de\/index.php?rest_route=\/wp\/v2\/types\/post"}],"author":[{"embeddable":true,"href":"https:\/\/www.anne-frank-gymnasium.de\/index.php?rest_route=\/wp\/v2\/users\/12"}],"replies":[{"embeddable":true,"href":"https:\/\/www.anne-frank-gymnasium.de\/index.php?rest_route=%2Fwp%2Fv2%2Fcomments&post=17007"}],"version-history":[{"count":19,"href":"https:\/\/www.anne-frank-gymnasium.de\/index.php?rest_route=\/wp\/v2\/posts\/17007\/revisions"}],"predecessor-version":[{"id":17154,"href":"https:\/\/www.anne-frank-gymnasium.de\/index.php?rest_route=\/wp\/v2\/posts\/17007\/revisions\/17154"}],"wp:attachment":[{"href":"https:\/\/www.anne-frank-gymnasium.de\/index.php?rest_route=%2Fwp%2Fv2%2Fmedia&parent=17007"}],"wp:term":[{"taxonomy":"category","embeddable":true,"href":"https:\/\/www.anne-frank-gymnasium.de\/index.php?rest_route=%2Fwp%2Fv2%2Fcategories&post=17007"},{"taxonomy":"post_tag","embeddable":true,"href":"https:\/\/www.anne-frank-gymnasium.de\/index.php?rest_route=%2Fwp%2Fv2%2Ftags&post=17007"}],"curies":[{"name":"wp","href":"https:\/\/api.w.org\/{rel}","templated":true}]}}