{"id":16482,"date":"2023-09-18T20:13:32","date_gmt":"2023-09-18T18:13:32","guid":{"rendered":"https:\/\/www.anne-frank-gymnasium.de\/?p=16482"},"modified":"2024-05-05T11:49:52","modified_gmt":"2024-05-05T09:49:52","slug":"erfolgreiche-qualifizierung-von-vier-neuen-medienscouts","status":"publish","type":"post","link":"https:\/\/www.anne-frank-gymnasium.de\/?p=16482","title":{"rendered":"Erfolgreiche Qualifizierung von vier neuen Medienscouts"},"content":{"rendered":"<p><a href=\"https:\/\/www.anne-frank-gymnasium.de\/wp-content\/uploads\/2023\/09\/IMG_9460-scaled.jpg\"><img loading=\"lazy\" decoding=\"async\" class=\"aligncenter wp-image-16483 size-large\" src=\"https:\/\/www.anne-frank-gymnasium.de\/wp-content\/uploads\/2023\/09\/IMG_9460-scaled-e1695060933474-1024x574.jpg\" alt=\"\" width=\"870\" height=\"488\" srcset=\"https:\/\/www.anne-frank-gymnasium.de\/wp-content\/uploads\/2023\/09\/IMG_9460-scaled-e1695060933474-1024x574.jpg 1024w, https:\/\/www.anne-frank-gymnasium.de\/wp-content\/uploads\/2023\/09\/IMG_9460-scaled-e1695060933474-300x168.jpg 300w, https:\/\/www.anne-frank-gymnasium.de\/wp-content\/uploads\/2023\/09\/IMG_9460-scaled-e1695060933474-768x430.jpg 768w, https:\/\/www.anne-frank-gymnasium.de\/wp-content\/uploads\/2023\/09\/IMG_9460-scaled-e1695060933474-1536x860.jpg 1536w, https:\/\/www.anne-frank-gymnasium.de\/wp-content\/uploads\/2023\/09\/IMG_9460-scaled-e1695060933474-870x487.jpg 870w, https:\/\/www.anne-frank-gymnasium.de\/wp-content\/uploads\/2023\/09\/IMG_9460-scaled-e1695060933474.jpg 1878w\" sizes=\"auto, (max-width: 870px) 100vw, 870px\" \/><\/a><\/p>\n<p>Anna Schwarz (9a), Elisa Nacken (9a), Selma Hinke (9b) und Noah Sanders (9b) wurden erfolgreich zum Medienscout ausgebildet. Betreut wurden die vier Sch\u00fcler:innen durch Herrn Windh\u00f6vel. An f\u00fcnf ganzt\u00e4gigen Workshoptagen wurden die Themen \u201eInternet und Sicherheit\u201c, \u201eSoziale Netzwerke\u201c, \u201edigitale Spiele\u201c und \u201eSmartphones\u201c behandelt. Zus\u00e4tzlich wurden die Kompetenzen der Medienscouts in den Bereichen \u201eBeratung\u201c, Kommunikation\u201c und \u201esoziales Lernen\u201c gest\u00e4rkt. Der Ansatz der \u201ePeer-Education\u201c ist hierbei besonders hilfreich: Einerseits lernen junge Menschen lieber von Gleichaltrigen und andererseits k\u00f6nnen sie Gleichaltrige aufgrund eines \u00e4hnlichen Mediennutzungsverhaltens zielgruppenad\u00e4quat aufkl\u00e4ren. Die Ausbildung erfolgte schulform\u00fcbergreifend durch zwei Referierende.<\/p>\n<p>Bereits in den ersten Wochen nach Schuljahresbeginn kamen die neuen Medienscouts im Rahmen der Methodentage in der Jgst. 7 zum Einsatz. Hier f\u00fchrten die Sch\u00fcler:innen Workshops zu den Themen \u201eCybermobbing\u201c, \u201eDas Recht am eigenen Bild\u201c und zum Thema \u201ePasswortsicherheit\u201c durch.<\/p>\n<p>Das AFG bedankt sich bei den Medienscouts f\u00fcr das Engagement!<\/p>\n<p><span style=\"font-size: 8pt;\">Text: Sascha Windh\u00f6vel<\/span><\/p>\n","protected":false},"excerpt":{"rendered":"<p><a href=\"https:\/\/www.anne-frank-gymnasium.de\/wp-content\/uploads\/2023\/09\/IMG_9460-scaled.jpg\"><\/a><\/p>\n<p>Anna Schwarz (9a), Elisa Nacken (9a), Selma Hinke (9b) und Noah Sanders (9b) wurden erfolgreich zum Medienscout ausgebildet. Betreut wurden die vier Sch\u00fcler:innen durch Herrn Windh\u00f6vel. An f\u00fcnf ganzt\u00e4gigen Workshoptagen wurden die Themen \u201eInternet und Sicherheit\u201c, \u201eSoziale Netzwerke\u201c, \u201edigitale Spiele\u201c und \u201eSmartphones\u201c behandelt. Zus\u00e4tzlich wurden die Kompetenzen der Medienscouts in den Bereichen \u201eBeratung\u201c, &hellip; <\/p>\n<p><a class=\"more-link btn\" href=\"https:\/\/www.anne-frank-gymnasium.de\/?p=16482\">Weiterlesen<\/a><\/p>\n","protected":false},"author":12,"featured_media":0,"comment_status":"closed","ping_status":"closed","sticky":false,"template":"","format":"standard","meta":{"footnotes":""},"categories":[84,105,65,71,53],"tags":[],"class_list":["post-16482","post","type-post","status-publish","format-standard","hentry","category-corona","category-medienscouts","category-stufe-mittelstufe","category-praevention","category-soziales","nodate","item-wrap"],"_links":{"self":[{"href":"https:\/\/www.anne-frank-gymnasium.de\/index.php?rest_route=\/wp\/v2\/posts\/16482","targetHints":{"allow":["GET"]}}],"collection":[{"href":"https:\/\/www.anne-frank-gymnasium.de\/index.php?rest_route=\/wp\/v2\/posts"}],"about":[{"href":"https:\/\/www.anne-frank-gymnasium.de\/index.php?rest_route=\/wp\/v2\/types\/post"}],"author":[{"embeddable":true,"href":"https:\/\/www.anne-frank-gymnasium.de\/index.php?rest_route=\/wp\/v2\/users\/12"}],"replies":[{"embeddable":true,"href":"https:\/\/www.anne-frank-gymnasium.de\/index.php?rest_route=%2Fwp%2Fv2%2Fcomments&post=16482"}],"version-history":[{"count":5,"href":"https:\/\/www.anne-frank-gymnasium.de\/index.php?rest_route=\/wp\/v2\/posts\/16482\/revisions"}],"predecessor-version":[{"id":16513,"href":"https:\/\/www.anne-frank-gymnasium.de\/index.php?rest_route=\/wp\/v2\/posts\/16482\/revisions\/16513"}],"wp:attachment":[{"href":"https:\/\/www.anne-frank-gymnasium.de\/index.php?rest_route=%2Fwp%2Fv2%2Fmedia&parent=16482"}],"wp:term":[{"taxonomy":"category","embeddable":true,"href":"https:\/\/www.anne-frank-gymnasium.de\/index.php?rest_route=%2Fwp%2Fv2%2Fcategories&post=16482"},{"taxonomy":"post_tag","embeddable":true,"href":"https:\/\/www.anne-frank-gymnasium.de\/index.php?rest_route=%2Fwp%2Fv2%2Ftags&post=16482"}],"curies":[{"name":"wp","href":"https:\/\/api.w.org\/{rel}","templated":true}]}}