{"id":16115,"date":"2023-08-03T17:43:57","date_gmt":"2023-08-03T15:43:57","guid":{"rendered":"https:\/\/www.anne-frank-gymnasium.de\/?p=16115"},"modified":"2023-08-05T18:08:56","modified_gmt":"2023-08-05T16:08:56","slug":"schuelerinnen-schreiben-streitschlichter-ausbildung","status":"publish","type":"post","link":"https:\/\/www.anne-frank-gymnasium.de\/?p=16115","title":{"rendered":"Sch\u00fcler:innen schreiben: Streitschlichter-Ausbildung"},"content":{"rendered":"<p><a href=\"https:\/\/www.anne-frank-gymnasium.de\/wp-content\/uploads\/2023\/08\/Streitschlichter.jpg\"><img loading=\"lazy\" decoding=\"async\" class=\"aligncenter wp-image-16114\" src=\"https:\/\/www.anne-frank-gymnasium.de\/wp-content\/uploads\/2023\/08\/Streitschlichter-e1691251682603.jpg\" alt=\"\" width=\"1000\" height=\"562\" srcset=\"https:\/\/www.anne-frank-gymnasium.de\/wp-content\/uploads\/2023\/08\/Streitschlichter-e1691251682603.jpg 665w, https:\/\/www.anne-frank-gymnasium.de\/wp-content\/uploads\/2023\/08\/Streitschlichter-e1691251682603-300x169.jpg 300w\" sizes=\"auto, (max-width: 1000px) 100vw, 1000px\" \/><\/a><\/p>\n<p><em>Anna Schwarz (9a) informiert \u00fcber das Angebot der Streitschlichter und erkl\u00e4rt, was man selbst bei einer Streitschlichter-Ausbildung lernt:<\/em><\/p>\n<p>Am AFG gibt es Sch\u00fcler:innen, die gelernt haben, wie sie einen Streit l\u00f6sen k\u00f6nnen. Doch wie wird man Streitschlichter, was sind ihre Aufgaben und wie kann man sich an sie wenden?<\/p>\n<p><!--more--><\/p>\n<p>Die Streitschlichter-Ausbildung wird f\u00fcr die Sch\u00fcler:innen der Jahrgangsstufen 8 und 9 angeboten. In der Ausbildung lernt man, wie man Konflikte aller Art am besten schlichten kann. Ge\u00fcbt wird dies zum Beispiel durch ausgedachte Konflikt-Situationen oder \u00e4hnliche \u00dcbungen.<\/p>\n<p>Die Streitschlichter-Ausbildung dauert ca. ein Halbjahr lang und fand beim letzten Durchgang jeden Freitag nach der Schule statt. Mittwochs und Freitags in der Pause sitzen die Streitschlichter im SV-Raum und man kann sich mit seinem Streit an sie wenden. Es k\u00f6nnen auch Termine f\u00fcr eine Schlichtung vereinbart werden.<\/p>\n<p>Bei Interesse k\u00f6nnt ihr euch an Herrn Dick wenden.<\/p>\n","protected":false},"excerpt":{"rendered":"<p><a href=\"https:\/\/www.anne-frank-gymnasium.de\/wp-content\/uploads\/2023\/08\/Streitschlichter.jpg\"><\/a><\/p>\n<p>Anna Schwarz (9a) informiert \u00fcber das Angebot der Streitschlichter und erkl\u00e4rt, was man selbst bei einer Streitschlichter-Ausbildung lernt:<\/p>\n<p>Am AFG gibt es Sch\u00fcler:innen, die gelernt haben, wie sie einen Streit l\u00f6sen k\u00f6nnen. Doch wie wird man Streitschlichter, was sind ihre Aufgaben und wie kann man sich an sie wenden?<\/p><p><a class=\"more-link btn\" href=\"https:\/\/www.anne-frank-gymnasium.de\/?p=16115\">Weiterlesen<\/a><\/p>\n","protected":false},"author":13,"featured_media":0,"comment_status":"closed","ping_status":"closed","sticky":false,"template":"","format":"standard","meta":{"footnotes":""},"categories":[99,64],"tags":[],"class_list":["post-16115","post","type-post","status-publish","format-standard","hentry","category-schuelerinnen-schreiben","category-streitschlichtung","nodate","item-wrap"],"_links":{"self":[{"href":"https:\/\/www.anne-frank-gymnasium.de\/index.php?rest_route=\/wp\/v2\/posts\/16115","targetHints":{"allow":["GET"]}}],"collection":[{"href":"https:\/\/www.anne-frank-gymnasium.de\/index.php?rest_route=\/wp\/v2\/posts"}],"about":[{"href":"https:\/\/www.anne-frank-gymnasium.de\/index.php?rest_route=\/wp\/v2\/types\/post"}],"author":[{"embeddable":true,"href":"https:\/\/www.anne-frank-gymnasium.de\/index.php?rest_route=\/wp\/v2\/users\/13"}],"replies":[{"embeddable":true,"href":"https:\/\/www.anne-frank-gymnasium.de\/index.php?rest_route=%2Fwp%2Fv2%2Fcomments&post=16115"}],"version-history":[{"count":5,"href":"https:\/\/www.anne-frank-gymnasium.de\/index.php?rest_route=\/wp\/v2\/posts\/16115\/revisions"}],"predecessor-version":[{"id":16127,"href":"https:\/\/www.anne-frank-gymnasium.de\/index.php?rest_route=\/wp\/v2\/posts\/16115\/revisions\/16127"}],"wp:attachment":[{"href":"https:\/\/www.anne-frank-gymnasium.de\/index.php?rest_route=%2Fwp%2Fv2%2Fmedia&parent=16115"}],"wp:term":[{"taxonomy":"category","embeddable":true,"href":"https:\/\/www.anne-frank-gymnasium.de\/index.php?rest_route=%2Fwp%2Fv2%2Fcategories&post=16115"},{"taxonomy":"post_tag","embeddable":true,"href":"https:\/\/www.anne-frank-gymnasium.de\/index.php?rest_route=%2Fwp%2Fv2%2Ftags&post=16115"}],"curies":[{"name":"wp","href":"https:\/\/api.w.org\/{rel}","templated":true}]}}