{"id":15988,"date":"2023-06-14T19:36:30","date_gmt":"2023-06-14T17:36:30","guid":{"rendered":"https:\/\/www.anne-frank-gymnasium.de\/?p=15988"},"modified":"2023-06-14T19:38:12","modified_gmt":"2023-06-14T17:38:12","slug":"fairtrade-unterwegs-in-sachen-nachhaltigkeit","status":"publish","type":"post","link":"https:\/\/www.anne-frank-gymnasium.de\/?p=15988","title":{"rendered":"FAIRTRADE unterwegs in Sachen Nachhaltigkeit"},"content":{"rendered":"<p><a href=\"https:\/\/www.anne-frank-gymnasium.de\/wp-content\/uploads\/2023\/06\/unterwegs-mit-der-4.-aachener-Gesamtschule.jpeg\"><img loading=\"lazy\" decoding=\"async\" class=\"aligncenter wp-image-15989 size-large\" src=\"https:\/\/www.anne-frank-gymnasium.de\/wp-content\/uploads\/2023\/06\/unterwegs-mit-der-4.-aachener-Gesamtschule-e1686763892146-1024x576.jpeg\" alt=\"\" width=\"870\" height=\"489\" srcset=\"https:\/\/www.anne-frank-gymnasium.de\/wp-content\/uploads\/2023\/06\/unterwegs-mit-der-4.-aachener-Gesamtschule-e1686763892146-1024x576.jpeg 1024w, https:\/\/www.anne-frank-gymnasium.de\/wp-content\/uploads\/2023\/06\/unterwegs-mit-der-4.-aachener-Gesamtschule-e1686763892146-300x169.jpeg 300w, https:\/\/www.anne-frank-gymnasium.de\/wp-content\/uploads\/2023\/06\/unterwegs-mit-der-4.-aachener-Gesamtschule-e1686763892146-768x432.jpeg 768w, https:\/\/www.anne-frank-gymnasium.de\/wp-content\/uploads\/2023\/06\/unterwegs-mit-der-4.-aachener-Gesamtschule-e1686763892146-1536x864.jpeg 1536w, https:\/\/www.anne-frank-gymnasium.de\/wp-content\/uploads\/2023\/06\/unterwegs-mit-der-4.-aachener-Gesamtschule-e1686763892146-870x489.jpeg 870w, https:\/\/www.anne-frank-gymnasium.de\/wp-content\/uploads\/2023\/06\/unterwegs-mit-der-4.-aachener-Gesamtschule-e1686763892146.jpeg 2048w\" sizes=\"auto, (max-width: 870px) 100vw, 870px\" \/><\/a><\/p>\n<p>Die Fairtrade-AG hat es sich zur Aufgabe gemacht sich st\u00e4rker f\u00fcr das Thema Nachhaltigkeit am AFG einzusetzen. Dazu haben wir uns in verschiedenen Aktionen engagiert:<\/p>\n<p><!--more--><\/p>\n<ul>\n<li>So haben wir teilgenommen bei <strong>der Zukunftswerksatt<\/strong> am <strong>02. <\/strong>und dort gute Ideen gesammelt \u2013 so gibt es inzwischen f\u00fcr alle Klassenr\u00e4ume Poster mit den \u201eGlobal Goals\u201c und getrennte M\u00fclleimer f\u00fcr Papier\/gelben Sack\/Restm\u00fcll.<\/li>\n<li>Am 25.04. haben wir mit Schokobrunnen und Info-Stand teilgenommen beim Aachener <strong>School Summit<\/strong> und konnten uns dort mit vielen Aachener Schulen vernetzen und weitere gute Ideen sammeln.<\/li>\n<li>Mit unseren Fairtrade-Produkten waren wir zu Gast auf dem ersten Richtericher Nachhaltigkeitsfest am 4.06. und konnten dort \u00fcber einige W\u00fcnsche f\u00fcr unsere Schule mit der Oberb\u00fcrgermeisterin Sybille Keupen ins Gespr\u00e4ch kommen.<\/li>\n<li>Bei E26 activeforfuture Stadt Aachen konnten wir einen Zuschuss beantragen f\u00fcr ein weiteres Pflanzprojekt f\u00fcr Schulhof und Schulgarten!<\/li>\n<li>Am 14.06. haben wir am Sternmarsch der Aachener Schulen teilgenommen und zum einen erfahren k\u00f6nnen, dass viele Schulen \u00e4hnliche Forderungen haben und dass wir gemeinsam sicherlich einiges auf den Weg bringen k\u00f6nnen: nachhaltigeres Mensa-Essen; Schulhofbegr\u00fcnung; sichere Fahrradrouten f\u00fcr die Schulwege; nachhaltige Energiegewinnung\u2026<\/li>\n<li>Beim Sommerfest am 26. August werden wir mit den Themen Fairtrade und Nachhaltigkeit einen Stand haben mit dem Smoothie-Rad des Ern\u00e4hrungsrates der Stadt<\/li>\n<li>Zum Start des neuen Schuljahres wollen wir alle Sch\u00fcler:innen, die weiter am Thema \u201eNachhaltigkeit am AFG\u201c arbeiten wollen, zu einem ersten Austauschtreffen einladen\u2026<\/li>\n<\/ul>\n<p>&nbsp;<\/p>\n<p>Wer Interesse hat, bei uns mit zu arbeiten kann sich melden bei:<br \/>\nHerrn Sannemann: <a href=\"mailto:Sannemann@afgmail.de\">Sannemann@afgmail.de<\/a><br \/>\nFrau Pauli: <a href=\"mailto:Pauli@afgmail.de\">Pauli@afgmail.de<\/a><br \/>\nAnita Zucketto-Debour: <a href=\"mailto:anita@debour.com\">anita@debour.com<\/a><\/p>\n<p>Wir freuen uns \u00fcber euer Interesse!<br \/>\nF\u00fcr die Fairtrade-AG<br \/>\nAnita Zucketto-Debour<\/p>\n<p><a href=\"https:\/\/www.anne-frank-gymnasium.de\/wp-content\/uploads\/2023\/06\/fleissige-Vorbereitung-scaled.jpg\"><img loading=\"lazy\" decoding=\"async\" class=\"size-large wp-image-15992 aligncenter\" src=\"https:\/\/www.anne-frank-gymnasium.de\/wp-content\/uploads\/2023\/06\/fleissige-Vorbereitung-1024x768.jpg\" alt=\"\" width=\"870\" height=\"653\" srcset=\"https:\/\/www.anne-frank-gymnasium.de\/wp-content\/uploads\/2023\/06\/fleissige-Vorbereitung-1024x768.jpg 1024w, https:\/\/www.anne-frank-gymnasium.de\/wp-content\/uploads\/2023\/06\/fleissige-Vorbereitung-300x225.jpg 300w, https:\/\/www.anne-frank-gymnasium.de\/wp-content\/uploads\/2023\/06\/fleissige-Vorbereitung-768x576.jpg 768w, https:\/\/www.anne-frank-gymnasium.de\/wp-content\/uploads\/2023\/06\/fleissige-Vorbereitung-1536x1152.jpg 1536w, https:\/\/www.anne-frank-gymnasium.de\/wp-content\/uploads\/2023\/06\/fleissige-Vorbereitung-2048x1536.jpg 2048w, https:\/\/www.anne-frank-gymnasium.de\/wp-content\/uploads\/2023\/06\/fleissige-Vorbereitung-870x653.jpg 870w\" sizes=\"auto, (max-width: 870px) 100vw, 870px\" \/><\/a><\/p>\n<p><a href=\"https:\/\/www.anne-frank-gymnasium.de\/wp-content\/uploads\/2023\/06\/Nachhaltigkeitsfest-Richterich.jpeg\"><img loading=\"lazy\" decoding=\"async\" class=\"size-large wp-image-15990 aligncenter\" src=\"https:\/\/www.anne-frank-gymnasium.de\/wp-content\/uploads\/2023\/06\/Nachhaltigkeitsfest-Richterich-1024x576.jpeg\" alt=\"\" width=\"870\" height=\"489\" srcset=\"https:\/\/www.anne-frank-gymnasium.de\/wp-content\/uploads\/2023\/06\/Nachhaltigkeitsfest-Richterich-1024x576.jpeg 1024w, https:\/\/www.anne-frank-gymnasium.de\/wp-content\/uploads\/2023\/06\/Nachhaltigkeitsfest-Richterich-300x169.jpeg 300w, https:\/\/www.anne-frank-gymnasium.de\/wp-content\/uploads\/2023\/06\/Nachhaltigkeitsfest-Richterich-768x432.jpeg 768w, https:\/\/www.anne-frank-gymnasium.de\/wp-content\/uploads\/2023\/06\/Nachhaltigkeitsfest-Richterich-1536x864.jpeg 1536w, https:\/\/www.anne-frank-gymnasium.de\/wp-content\/uploads\/2023\/06\/Nachhaltigkeitsfest-Richterich-870x489.jpeg 870w, https:\/\/www.anne-frank-gymnasium.de\/wp-content\/uploads\/2023\/06\/Nachhaltigkeitsfest-Richterich.jpeg 2048w\" sizes=\"auto, (max-width: 870px) 100vw, 870px\" \/><\/a><\/p>\n<p><a href=\"https:\/\/www.anne-frank-gymnasium.de\/wp-content\/uploads\/2023\/06\/gleich-startet-die-Kundgebung.jpeg\"><img loading=\"lazy\" decoding=\"async\" class=\"size-large wp-image-15991 aligncenter\" src=\"https:\/\/www.anne-frank-gymnasium.de\/wp-content\/uploads\/2023\/06\/gleich-startet-die-Kundgebung-1024x768.jpeg\" alt=\"\" width=\"870\" height=\"653\" srcset=\"https:\/\/www.anne-frank-gymnasium.de\/wp-content\/uploads\/2023\/06\/gleich-startet-die-Kundgebung-1024x768.jpeg 1024w, https:\/\/www.anne-frank-gymnasium.de\/wp-content\/uploads\/2023\/06\/gleich-startet-die-Kundgebung-300x225.jpeg 300w, https:\/\/www.anne-frank-gymnasium.de\/wp-content\/uploads\/2023\/06\/gleich-startet-die-Kundgebung-768x576.jpeg 768w, https:\/\/www.anne-frank-gymnasium.de\/wp-content\/uploads\/2023\/06\/gleich-startet-die-Kundgebung-1536x1152.jpeg 1536w, https:\/\/www.anne-frank-gymnasium.de\/wp-content\/uploads\/2023\/06\/gleich-startet-die-Kundgebung-870x653.jpeg 870w, https:\/\/www.anne-frank-gymnasium.de\/wp-content\/uploads\/2023\/06\/gleich-startet-die-Kundgebung.jpeg 2048w\" sizes=\"auto, (max-width: 870px) 100vw, 870px\" \/><\/a><\/p>\n<p>&nbsp;<\/p>\n<p><a href=\"https:\/\/www.anne-frank-gymnasium.de\/wp-content\/uploads\/2023\/06\/angekommen-auf-dem-Platz-der-Demokratie.jpeg\"><img loading=\"lazy\" decoding=\"async\" class=\"size-large wp-image-15993 aligncenter\" src=\"https:\/\/www.anne-frank-gymnasium.de\/wp-content\/uploads\/2023\/06\/angekommen-auf-dem-Platz-der-Demokratie-1024x768.jpeg\" alt=\"\" width=\"870\" height=\"653\" srcset=\"https:\/\/www.anne-frank-gymnasium.de\/wp-content\/uploads\/2023\/06\/angekommen-auf-dem-Platz-der-Demokratie-1024x768.jpeg 1024w, https:\/\/www.anne-frank-gymnasium.de\/wp-content\/uploads\/2023\/06\/angekommen-auf-dem-Platz-der-Demokratie-300x225.jpeg 300w, https:\/\/www.anne-frank-gymnasium.de\/wp-content\/uploads\/2023\/06\/angekommen-auf-dem-Platz-der-Demokratie-768x576.jpeg 768w, https:\/\/www.anne-frank-gymnasium.de\/wp-content\/uploads\/2023\/06\/angekommen-auf-dem-Platz-der-Demokratie-1536x1152.jpeg 1536w, https:\/\/www.anne-frank-gymnasium.de\/wp-content\/uploads\/2023\/06\/angekommen-auf-dem-Platz-der-Demokratie-870x653.jpeg 870w, https:\/\/www.anne-frank-gymnasium.de\/wp-content\/uploads\/2023\/06\/angekommen-auf-dem-Platz-der-Demokratie.jpeg 2048w\" sizes=\"auto, (max-width: 870px) 100vw, 870px\" \/><\/a><\/p>\n<p><a href=\"https:\/\/www.anne-frank-gymnasium.de\/wp-content\/uploads\/2023\/06\/Mo-und-Joana-tragen-unsere-Forderungen-vor.jpeg\"><img loading=\"lazy\" decoding=\"async\" class=\"size-large wp-image-15994 aligncenter\" src=\"https:\/\/www.anne-frank-gymnasium.de\/wp-content\/uploads\/2023\/06\/Mo-und-Joana-tragen-unsere-Forderungen-vor-1024x768.jpeg\" alt=\"\" width=\"870\" height=\"653\" srcset=\"https:\/\/www.anne-frank-gymnasium.de\/wp-content\/uploads\/2023\/06\/Mo-und-Joana-tragen-unsere-Forderungen-vor-1024x768.jpeg 1024w, https:\/\/www.anne-frank-gymnasium.de\/wp-content\/uploads\/2023\/06\/Mo-und-Joana-tragen-unsere-Forderungen-vor-300x225.jpeg 300w, https:\/\/www.anne-frank-gymnasium.de\/wp-content\/uploads\/2023\/06\/Mo-und-Joana-tragen-unsere-Forderungen-vor-768x576.jpeg 768w, https:\/\/www.anne-frank-gymnasium.de\/wp-content\/uploads\/2023\/06\/Mo-und-Joana-tragen-unsere-Forderungen-vor-1536x1152.jpeg 1536w, https:\/\/www.anne-frank-gymnasium.de\/wp-content\/uploads\/2023\/06\/Mo-und-Joana-tragen-unsere-Forderungen-vor-870x653.jpeg 870w, https:\/\/www.anne-frank-gymnasium.de\/wp-content\/uploads\/2023\/06\/Mo-und-Joana-tragen-unsere-Forderungen-vor.jpeg 2048w\" sizes=\"auto, (max-width: 870px) 100vw, 870px\" \/><\/a><\/p>\n<p><a href=\"https:\/\/www.anne-frank-gymnasium.de\/wp-content\/uploads\/2023\/06\/School-Summit.jpeg\"><img loading=\"lazy\" decoding=\"async\" class=\"size-large wp-image-15995 aligncenter\" src=\"https:\/\/www.anne-frank-gymnasium.de\/wp-content\/uploads\/2023\/06\/School-Summit-1024x576.jpeg\" alt=\"\" width=\"870\" height=\"489\" srcset=\"https:\/\/www.anne-frank-gymnasium.de\/wp-content\/uploads\/2023\/06\/School-Summit-1024x576.jpeg 1024w, https:\/\/www.anne-frank-gymnasium.de\/wp-content\/uploads\/2023\/06\/School-Summit-300x169.jpeg 300w, https:\/\/www.anne-frank-gymnasium.de\/wp-content\/uploads\/2023\/06\/School-Summit-768x432.jpeg 768w, https:\/\/www.anne-frank-gymnasium.de\/wp-content\/uploads\/2023\/06\/School-Summit-1536x864.jpeg 1536w, https:\/\/www.anne-frank-gymnasium.de\/wp-content\/uploads\/2023\/06\/School-Summit-870x489.jpeg 870w, https:\/\/www.anne-frank-gymnasium.de\/wp-content\/uploads\/2023\/06\/School-Summit.jpeg 2048w\" sizes=\"auto, (max-width: 870px) 100vw, 870px\" \/><\/a><\/p>\n<p><a href=\"https:\/\/www.anne-frank-gymnasium.de\/wp-content\/uploads\/2023\/06\/Start-Sternmarsch.jpeg\"><img loading=\"lazy\" decoding=\"async\" class=\"size-large wp-image-15996 aligncenter\" src=\"https:\/\/www.anne-frank-gymnasium.de\/wp-content\/uploads\/2023\/06\/Start-Sternmarsch-1024x768.jpeg\" alt=\"\" width=\"870\" height=\"653\" srcset=\"https:\/\/www.anne-frank-gymnasium.de\/wp-content\/uploads\/2023\/06\/Start-Sternmarsch-1024x768.jpeg 1024w, https:\/\/www.anne-frank-gymnasium.de\/wp-content\/uploads\/2023\/06\/Start-Sternmarsch-300x225.jpeg 300w, https:\/\/www.anne-frank-gymnasium.de\/wp-content\/uploads\/2023\/06\/Start-Sternmarsch-768x576.jpeg 768w, https:\/\/www.anne-frank-gymnasium.de\/wp-content\/uploads\/2023\/06\/Start-Sternmarsch-1536x1152.jpeg 1536w, https:\/\/www.anne-frank-gymnasium.de\/wp-content\/uploads\/2023\/06\/Start-Sternmarsch-870x653.jpeg 870w, https:\/\/www.anne-frank-gymnasium.de\/wp-content\/uploads\/2023\/06\/Start-Sternmarsch.jpeg 2048w\" sizes=\"auto, (max-width: 870px) 100vw, 870px\" \/><\/a><\/p>\n","protected":false},"excerpt":{"rendered":"<p><a href=\"https:\/\/www.anne-frank-gymnasium.de\/wp-content\/uploads\/2023\/06\/unterwegs-mit-der-4.-aachener-Gesamtschule.jpeg\"><\/a><\/p>\n<p>Die Fairtrade-AG hat es sich zur Aufgabe gemacht sich st\u00e4rker f\u00fcr das Thema Nachhaltigkeit am AFG einzusetzen. Dazu haben wir uns in verschiedenen Aktionen engagiert:<\/p><p><a class=\"more-link btn\" href=\"https:\/\/www.anne-frank-gymnasium.de\/?p=15988\">Weiterlesen<\/a><\/p>\n","protected":false},"author":12,"featured_media":0,"comment_status":"closed","ping_status":"closed","sticky":false,"template":"","format":"standard","meta":{"footnotes":""},"categories":[79],"tags":[],"class_list":["post-15988","post","type-post","status-publish","format-standard","hentry","category-fairtrade","nodate","item-wrap"],"_links":{"self":[{"href":"https:\/\/www.anne-frank-gymnasium.de\/index.php?rest_route=\/wp\/v2\/posts\/15988","targetHints":{"allow":["GET"]}}],"collection":[{"href":"https:\/\/www.anne-frank-gymnasium.de\/index.php?rest_route=\/wp\/v2\/posts"}],"about":[{"href":"https:\/\/www.anne-frank-gymnasium.de\/index.php?rest_route=\/wp\/v2\/types\/post"}],"author":[{"embeddable":true,"href":"https:\/\/www.anne-frank-gymnasium.de\/index.php?rest_route=\/wp\/v2\/users\/12"}],"replies":[{"embeddable":true,"href":"https:\/\/www.anne-frank-gymnasium.de\/index.php?rest_route=%2Fwp%2Fv2%2Fcomments&post=15988"}],"version-history":[{"count":3,"href":"https:\/\/www.anne-frank-gymnasium.de\/index.php?rest_route=\/wp\/v2\/posts\/15988\/revisions"}],"predecessor-version":[{"id":15999,"href":"https:\/\/www.anne-frank-gymnasium.de\/index.php?rest_route=\/wp\/v2\/posts\/15988\/revisions\/15999"}],"wp:attachment":[{"href":"https:\/\/www.anne-frank-gymnasium.de\/index.php?rest_route=%2Fwp%2Fv2%2Fmedia&parent=15988"}],"wp:term":[{"taxonomy":"category","embeddable":true,"href":"https:\/\/www.anne-frank-gymnasium.de\/index.php?rest_route=%2Fwp%2Fv2%2Fcategories&post=15988"},{"taxonomy":"post_tag","embeddable":true,"href":"https:\/\/www.anne-frank-gymnasium.de\/index.php?rest_route=%2Fwp%2Fv2%2Ftags&post=15988"}],"curies":[{"name":"wp","href":"https:\/\/api.w.org\/{rel}","templated":true}]}}