{"id":15956,"date":"2023-06-08T14:20:30","date_gmt":"2023-06-08T12:20:30","guid":{"rendered":"https:\/\/www.anne-frank-gymnasium.de\/?p=15956"},"modified":"2024-05-12T10:11:42","modified_gmt":"2024-05-12T08:11:42","slug":"15956","status":"publish","type":"post","link":"https:\/\/www.anne-frank-gymnasium.de\/?p=15956","title":{"rendered":"Besuch der Universit\u00e4t Maastricht"},"content":{"rendered":"<p><a href=\"https:\/\/www.anne-frank-gymnasium.de\/wp-content\/uploads\/2023\/06\/WhatsApp-Image-2023-06-05-at-17.03.16.jpeg\"><img loading=\"lazy\" decoding=\"async\" class=\"aligncenter wp-image-15957 size-large\" src=\"https:\/\/www.anne-frank-gymnasium.de\/wp-content\/uploads\/2023\/06\/WhatsApp-Image-2023-06-05-at-17.03.16-e1686226939666-1024x575.jpeg\" alt=\"\" width=\"870\" height=\"489\" srcset=\"https:\/\/www.anne-frank-gymnasium.de\/wp-content\/uploads\/2023\/06\/WhatsApp-Image-2023-06-05-at-17.03.16-e1686226939666-1024x575.jpeg 1024w, https:\/\/www.anne-frank-gymnasium.de\/wp-content\/uploads\/2023\/06\/WhatsApp-Image-2023-06-05-at-17.03.16-e1686226939666-300x168.jpeg 300w, https:\/\/www.anne-frank-gymnasium.de\/wp-content\/uploads\/2023\/06\/WhatsApp-Image-2023-06-05-at-17.03.16-e1686226939666-768x431.jpeg 768w, https:\/\/www.anne-frank-gymnasium.de\/wp-content\/uploads\/2023\/06\/WhatsApp-Image-2023-06-05-at-17.03.16-e1686226939666-1536x863.jpeg 1536w, https:\/\/www.anne-frank-gymnasium.de\/wp-content\/uploads\/2023\/06\/WhatsApp-Image-2023-06-05-at-17.03.16-e1686226939666-870x489.jpeg 870w, https:\/\/www.anne-frank-gymnasium.de\/wp-content\/uploads\/2023\/06\/WhatsApp-Image-2023-06-05-at-17.03.16-e1686226939666.jpeg 1857w\" sizes=\"auto, (max-width: 870px) 100vw, 870px\" \/><\/a><\/p>\n<p>Am 5. Juni besuchte der Niederl\u00e4ndisch-Kurs der Q1, begleitet von Frau Rummel und Herrn Esser, unsere niederl\u00e4ndische Nachbarstadt Maasticht. Wir besuchten zun\u00e4chst die Universit\u00e4t in Maastricht. Dort erhielten wir von drei deutschen Studentinnen einen Rundgang durch die verschiedenen Fakult\u00e4tsgeb\u00e4ude. Auf dem Rundgang erhielten wir in der Faculty of Arts and Social Sciences auch Informationen \u00fcber die gesamte Universit\u00e4t und das Studium.<\/p>\n<p><!--more-->Wir erfuhgen einiges, z. B. \u00fcber das Studienangebot in englischer und niederl\u00e4ndischer Sprache, den internationalen Charakter der Uni, die Lehrmethoden, das Universit\u00e4tsleben sowie die Kosten f\u00fcr das Studium. Die Sch\u00fcler erlebten anschlie\u00dfend ein \u201cproblem based tutorial\u201d in englischer Sprache zum Thema Pers\u00f6nlichkeit, das ihnen erm\u00f6glichen sollte,\u00a0 einen Einblick in eine Lehrmethode zu erlangen, die an der Uni Maastricht angewendet wird. Zum Abschluss bekamen wir einen gef\u00fchrten Spaziergang durch die Stadt und besuchten den Markt, den Vrijthof, die \u201ePartymeile&#8220;,\u00a0 Kirchen und andere Sehensw\u00fcrdigkeiten. F\u00fcr einen m\u00f6gliches Studium in Maastricht sind wir jetzt gut vorbereitet!<\/p>\n<p>&nbsp;<\/p>\n<p>&nbsp;<\/p>\n<p>&nbsp;<\/p>\n","protected":false},"excerpt":{"rendered":"<p><a href=\"https:\/\/www.anne-frank-gymnasium.de\/wp-content\/uploads\/2023\/06\/WhatsApp-Image-2023-06-05-at-17.03.16.jpeg\"><\/a><\/p>\n<p>Am 5. Juni besuchte der Niederl\u00e4ndisch-Kurs der Q1, begleitet von Frau Rummel und Herrn Esser, unsere niederl\u00e4ndische Nachbarstadt Maasticht. Wir besuchten zun\u00e4chst die Universit\u00e4t in Maastricht. Dort erhielten wir von drei deutschen Studentinnen einen Rundgang durch die verschiedenen Fakult\u00e4tsgeb\u00e4ude. Auf dem Rundgang erhielten wir in der Faculty of Arts and Social Sciences auch &hellip; <\/p>\n<p><a class=\"more-link btn\" href=\"https:\/\/www.anne-frank-gymnasium.de\/?p=15956\">Weiterlesen<\/a><\/p>\n","protected":false},"author":12,"featured_media":0,"comment_status":"closed","ping_status":"closed","sticky":false,"template":"","format":"standard","meta":{"footnotes":""},"categories":[106,17,91,34,19,55],"tags":[],"class_list":["post-15956","post","type-post","status-publish","format-standard","hentry","category-austausch","category-austausch-niederlaendisch","category-europa","category-fach-niederlaendisch","category-oberstufe","category-stubo","nodate","item-wrap"],"_links":{"self":[{"href":"https:\/\/www.anne-frank-gymnasium.de\/index.php?rest_route=\/wp\/v2\/posts\/15956","targetHints":{"allow":["GET"]}}],"collection":[{"href":"https:\/\/www.anne-frank-gymnasium.de\/index.php?rest_route=\/wp\/v2\/posts"}],"about":[{"href":"https:\/\/www.anne-frank-gymnasium.de\/index.php?rest_route=\/wp\/v2\/types\/post"}],"author":[{"embeddable":true,"href":"https:\/\/www.anne-frank-gymnasium.de\/index.php?rest_route=\/wp\/v2\/users\/12"}],"replies":[{"embeddable":true,"href":"https:\/\/www.anne-frank-gymnasium.de\/index.php?rest_route=%2Fwp%2Fv2%2Fcomments&post=15956"}],"version-history":[{"count":3,"href":"https:\/\/www.anne-frank-gymnasium.de\/index.php?rest_route=\/wp\/v2\/posts\/15956\/revisions"}],"predecessor-version":[{"id":15960,"href":"https:\/\/www.anne-frank-gymnasium.de\/index.php?rest_route=\/wp\/v2\/posts\/15956\/revisions\/15960"}],"wp:attachment":[{"href":"https:\/\/www.anne-frank-gymnasium.de\/index.php?rest_route=%2Fwp%2Fv2%2Fmedia&parent=15956"}],"wp:term":[{"taxonomy":"category","embeddable":true,"href":"https:\/\/www.anne-frank-gymnasium.de\/index.php?rest_route=%2Fwp%2Fv2%2Fcategories&post=15956"},{"taxonomy":"post_tag","embeddable":true,"href":"https:\/\/www.anne-frank-gymnasium.de\/index.php?rest_route=%2Fwp%2Fv2%2Ftags&post=15956"}],"curies":[{"name":"wp","href":"https:\/\/api.w.org\/{rel}","templated":true}]}}