{"id":15476,"date":"2023-01-25T17:29:53","date_gmt":"2023-01-25T16:29:53","guid":{"rendered":"https:\/\/www.anne-frank-gymnasium.de\/?p=15476"},"modified":"2024-12-12T15:26:57","modified_gmt":"2024-12-12T14:26:57","slug":"schuelerinnen-schreiben-lernberatungstag-am-23-1-23","status":"publish","type":"post","link":"https:\/\/www.anne-frank-gymnasium.de\/?p=15476","title":{"rendered":"Sch\u00fcler:innen schreiben: Lernberatungstag am 23.1.23"},"content":{"rendered":"<p><a href=\"https:\/\/www.anne-frank-gymnasium.de\/wp-content\/uploads\/2023\/01\/pexels-ann-h-6732757-scaled-e1674824698306.jpg\"><img loading=\"lazy\" decoding=\"async\" class=\"aligncenter wp-image-15475 size-large\" src=\"https:\/\/www.anne-frank-gymnasium.de\/wp-content\/uploads\/2023\/01\/pexels-ann-h-6732757-scaled-e1674824698306-1024x576.jpg\" alt=\"\" width=\"870\" height=\"489\" srcset=\"https:\/\/www.anne-frank-gymnasium.de\/wp-content\/uploads\/2023\/01\/pexels-ann-h-6732757-scaled-e1674824698306-1024x576.jpg 1024w, https:\/\/www.anne-frank-gymnasium.de\/wp-content\/uploads\/2023\/01\/pexels-ann-h-6732757-scaled-e1674824698306-300x169.jpg 300w, https:\/\/www.anne-frank-gymnasium.de\/wp-content\/uploads\/2023\/01\/pexels-ann-h-6732757-scaled-e1674824698306-768x432.jpg 768w, https:\/\/www.anne-frank-gymnasium.de\/wp-content\/uploads\/2023\/01\/pexels-ann-h-6732757-scaled-e1674824698306-1536x864.jpg 1536w, https:\/\/www.anne-frank-gymnasium.de\/wp-content\/uploads\/2023\/01\/pexels-ann-h-6732757-scaled-e1674824698306-2048x1152.jpg 2048w, https:\/\/www.anne-frank-gymnasium.de\/wp-content\/uploads\/2023\/01\/pexels-ann-h-6732757-scaled-e1674824698306-870x489.jpg 870w\" sizes=\"auto, (max-width: 870px) 100vw, 870px\" \/><\/a><\/p>\n<p><em>Emma Boost (8a) erkl\u00e4rt, was es mit dem Lernberatungstag auf sich hat, der zuletzt am 23. Janaur 2023 am AFG stattfand:<\/em><\/p>\n<p>Am Montag gab es f\u00fcr die Sch\u00fcler:innen vom AFG erneut einen \u201eLernberatungstag\u201c \u2013 aber was ist das?<\/p>\n<p><!--more--><\/p>\n<p>Ein Lernberatungstag wird zweimal in einem Schuljahr durchgef\u00fchrt. Die Sch\u00fcler:innen haben die M\u00f6glichkeit, mit ihren Klassenlehrer:innen \u00fcber ihre Probleme oder Anliegen beim Lernen oder in der Klasse zu reden. Daf\u00fcr setzten sich die Sch\u00fcler:innen am Anfang des Schuljahres ein oder mehrere Ziele, welche(s) sie im Laufe des Halbjahres erreichen wollen.<\/p>\n<p>Am Anfang des 2. Halbjahres wird dann mit einem Klassenlehrer \u00fcber das gesetzte Ziel gesprochen und geschaut, ob oder wie das Ziel besser umgesetzt werden kann. Mit der Lehrkraft wird ein neues Ziel f\u00fcr das neue Halbjahr gesetzt und am Ende des Schuljahres erfolgt der zweite Lernberatungstag.<\/p>\n<p>Der Lernberatungstag bietet sich besonders f\u00fcr diejenigen an, die zuhause keine R\u00fcckmeldung f\u00fcr ihre schulische Leistung bekommen oder sich nicht trauen bestimmte Lehrer darauf anzusprechen.<br \/>\nNat\u00fcrlich kann dort auch \u00fcber die Klassensituation gesprochen werden, damit m\u00f6gliche \u00c4ngste oder zu viel Stress vermieden werden k\u00f6nnen.<\/p>\n<p>&nbsp;<\/p>\n","protected":false},"excerpt":{"rendered":"<p><a href=\"https:\/\/www.anne-frank-gymnasium.de\/wp-content\/uploads\/2023\/01\/pexels-ann-h-6732757-scaled-e1674824698306.jpg\"><\/a><\/p>\n<p>Emma Boost (8a) erkl\u00e4rt, was es mit dem Lernberatungstag auf sich hat, der zuletzt am 23. Janaur 2023 am AFG stattfand:<\/p>\n<p>Am Montag gab es f\u00fcr die Sch\u00fcler:innen vom AFG erneut einen \u201eLernberatungstag\u201c \u2013 aber was ist das?<\/p><p><a class=\"more-link btn\" href=\"https:\/\/www.anne-frank-gymnasium.de\/?p=15476\">Weiterlesen<\/a><\/p>\n","protected":false},"author":13,"featured_media":0,"comment_status":"closed","ping_status":"closed","sticky":false,"template":"","format":"standard","meta":{"footnotes":""},"categories":[71,99],"tags":[],"class_list":["post-15476","post","type-post","status-publish","format-standard","hentry","category-praevention","category-schuelerinnen-schreiben","nodate","item-wrap"],"_links":{"self":[{"href":"https:\/\/www.anne-frank-gymnasium.de\/index.php?rest_route=\/wp\/v2\/posts\/15476","targetHints":{"allow":["GET"]}}],"collection":[{"href":"https:\/\/www.anne-frank-gymnasium.de\/index.php?rest_route=\/wp\/v2\/posts"}],"about":[{"href":"https:\/\/www.anne-frank-gymnasium.de\/index.php?rest_route=\/wp\/v2\/types\/post"}],"author":[{"embeddable":true,"href":"https:\/\/www.anne-frank-gymnasium.de\/index.php?rest_route=\/wp\/v2\/users\/13"}],"replies":[{"embeddable":true,"href":"https:\/\/www.anne-frank-gymnasium.de\/index.php?rest_route=%2Fwp%2Fv2%2Fcomments&post=15476"}],"version-history":[{"count":5,"href":"https:\/\/www.anne-frank-gymnasium.de\/index.php?rest_route=\/wp\/v2\/posts\/15476\/revisions"}],"predecessor-version":[{"id":15484,"href":"https:\/\/www.anne-frank-gymnasium.de\/index.php?rest_route=\/wp\/v2\/posts\/15476\/revisions\/15484"}],"wp:attachment":[{"href":"https:\/\/www.anne-frank-gymnasium.de\/index.php?rest_route=%2Fwp%2Fv2%2Fmedia&parent=15476"}],"wp:term":[{"taxonomy":"category","embeddable":true,"href":"https:\/\/www.anne-frank-gymnasium.de\/index.php?rest_route=%2Fwp%2Fv2%2Fcategories&post=15476"},{"taxonomy":"post_tag","embeddable":true,"href":"https:\/\/www.anne-frank-gymnasium.de\/index.php?rest_route=%2Fwp%2Fv2%2Ftags&post=15476"}],"curies":[{"name":"wp","href":"https:\/\/api.w.org\/{rel}","templated":true}]}}