{"id":15075,"date":"2022-11-15T19:00:01","date_gmt":"2022-11-15T18:00:01","guid":{"rendered":"https:\/\/www.anne-frank-gymnasium.de\/?p=15075"},"modified":"2024-10-13T10:48:03","modified_gmt":"2024-10-13T08:48:03","slug":"das-anne-frank-gymnasium-ist-europaschule","status":"publish","type":"post","link":"https:\/\/www.anne-frank-gymnasium.de\/?p=15075","title":{"rendered":"Das Anne-Frank-Gymnasium ist Europaschule!"},"content":{"rendered":"<p><img loading=\"lazy\" decoding=\"async\" class=\"aligncenter wp-image-15086 size-large\" src=\"https:\/\/www.anne-frank-gymnasium.de\/wp-content\/uploads\/2021\/11\/Z9B_5016-scaled-e1668538494637-1024x575.jpg\" alt=\"\" width=\"870\" height=\"489\" srcset=\"https:\/\/www.anne-frank-gymnasium.de\/wp-content\/uploads\/2021\/11\/Z9B_5016-scaled-e1668538494637-1024x575.jpg 1024w, https:\/\/www.anne-frank-gymnasium.de\/wp-content\/uploads\/2021\/11\/Z9B_5016-scaled-e1668538494637-300x169.jpg 300w, https:\/\/www.anne-frank-gymnasium.de\/wp-content\/uploads\/2021\/11\/Z9B_5016-scaled-e1668538494637-768x431.jpg 768w, https:\/\/www.anne-frank-gymnasium.de\/wp-content\/uploads\/2021\/11\/Z9B_5016-scaled-e1668538494637-1536x863.jpg 1536w, https:\/\/www.anne-frank-gymnasium.de\/wp-content\/uploads\/2021\/11\/Z9B_5016-scaled-e1668538494637-2048x1151.jpg 2048w, https:\/\/www.anne-frank-gymnasium.de\/wp-content\/uploads\/2021\/11\/Z9B_5016-scaled-e1668538494637-870x489.jpg 870w\" sizes=\"auto, (max-width: 870px) 100vw, 870px\" \/><\/p>\n<p>Nach zwei Jahren Vorbereitung ist es nun endlich soweit: Das Anne-Frank-Gymnasium ist als Europaschule zertifiziert worden. Nachdem das AFG zuletzt noch pers\u00f6nlich von einem Mitglied der Komission unter die Lupe genommen wurde, stand fest, dass unsere Bewerbung erfolgreich war und das AFG Europaschule wird. Am Montag fuhren dann stellvertretend f\u00fcr die ganze Schule acht Sch\u00fcler*innen der Europa-AG mit Herrn Heimes und Frau Bugger zum Landtag in D\u00fcsseldorf. Hier durften wir im Plenarsaal an der Jahrestagung der Europaschulen in NRW teilnehmen und von der Ministerin f\u00fcr Bildung und Schule Dorothee Feller pers\u00f6nlich eine gro\u00dfe Europaflagge, ein Schild f\u00fcr das Schulgeb\u00e4ude und eine Urkunde entgegennehmen.<\/p>\n<p><!--more-->Als Europaschule gibt es bei uns ein erweitertes Fremdsprachenangebot (Englisch, Franz\u00f6sisch, Latein, Spanisch, Niederl\u00e4ndisch), European Studies als bilinguales Wahlfach, die gezielte Unterst\u00fctzung der Sch\u00fcler*innen bei Auslandspraktika und Austausche nach Newcastle, Lille oder Antwerpen aber auch mit au\u00dfereurop\u00e4ischen Schulen. Die Sch\u00fcler*innen k\u00f6nnen Fremdsprachenzertifikate erwerben und an europ\u00e4ischen Wettberwerben teilnehmen. Au\u00dferdem k\u00f6nnen die Sch\u00fcler*innen die Europa-AG besuchen und sich dort intensiv mit Europa besch\u00e4ftigen. Am 9. Mai feiern wir den Europatag, an dem die Sch\u00fcler*innen jedes Jahrgangs verschiedene Aktivit\u00e4ten um europ\u00e4ische Themen in Form von Projekten oder Exkursionen unternehmen. Weitere Informationen zum unserem Europaprofil erhalten Sie auch <a href=\"https:\/\/www.anne-frank-gymnasium.de\/?page_id=13040\">hier<\/a>.<\/p>\n<p>Wir freuen uns sehr, dass wir nun Europaschule sind und die europ\u00e4ischen Werte, f\u00fcr die auch die Namensgeberin unserer Schule, Anne Frank, stand noch ausdr\u00fccklicher vermittelt.<\/p>\n<p>&nbsp;<\/p>\n<p><a href=\"https:\/\/www.anne-frank-gymnasium.de\/wp-content\/uploads\/2021\/11\/Z9B_5738-scaled.jpg\"><img loading=\"lazy\" decoding=\"async\" class=\"aligncenter wp-image-15090 size-large\" src=\"https:\/\/www.anne-frank-gymnasium.de\/wp-content\/uploads\/2021\/11\/Z9B_5738-scaled-e1668537448261-1024x609.jpg\" alt=\"\" width=\"870\" height=\"517\" srcset=\"https:\/\/www.anne-frank-gymnasium.de\/wp-content\/uploads\/2021\/11\/Z9B_5738-scaled-e1668537448261-1024x609.jpg 1024w, https:\/\/www.anne-frank-gymnasium.de\/wp-content\/uploads\/2021\/11\/Z9B_5738-scaled-e1668537448261-300x178.jpg 300w, https:\/\/www.anne-frank-gymnasium.de\/wp-content\/uploads\/2021\/11\/Z9B_5738-scaled-e1668537448261-768x457.jpg 768w, https:\/\/www.anne-frank-gymnasium.de\/wp-content\/uploads\/2021\/11\/Z9B_5738-scaled-e1668537448261-1536x914.jpg 1536w, https:\/\/www.anne-frank-gymnasium.de\/wp-content\/uploads\/2021\/11\/Z9B_5738-scaled-e1668537448261-2048x1218.jpg 2048w, https:\/\/www.anne-frank-gymnasium.de\/wp-content\/uploads\/2021\/11\/Z9B_5738-scaled-e1668537448261-870x518.jpg 870w\" sizes=\"auto, (max-width: 870px) 100vw, 870px\" \/><\/a><\/p>\n<p>&nbsp;<\/p>\n<p><img loading=\"lazy\" decoding=\"async\" class=\"aligncenter wp-image-15088 size-large\" src=\"https:\/\/www.anne-frank-gymnasium.de\/wp-content\/uploads\/2021\/11\/Z9B_5627-scaled-e1668537470156-1024x609.jpg\" alt=\"\" width=\"870\" height=\"517\" srcset=\"https:\/\/www.anne-frank-gymnasium.de\/wp-content\/uploads\/2021\/11\/Z9B_5627-scaled-e1668537470156-1024x609.jpg 1024w, https:\/\/www.anne-frank-gymnasium.de\/wp-content\/uploads\/2021\/11\/Z9B_5627-scaled-e1668537470156-300x178.jpg 300w, https:\/\/www.anne-frank-gymnasium.de\/wp-content\/uploads\/2021\/11\/Z9B_5627-scaled-e1668537470156-768x457.jpg 768w, https:\/\/www.anne-frank-gymnasium.de\/wp-content\/uploads\/2021\/11\/Z9B_5627-scaled-e1668537470156-1536x914.jpg 1536w, https:\/\/www.anne-frank-gymnasium.de\/wp-content\/uploads\/2021\/11\/Z9B_5627-scaled-e1668537470156-2048x1218.jpg 2048w, https:\/\/www.anne-frank-gymnasium.de\/wp-content\/uploads\/2021\/11\/Z9B_5627-scaled-e1668537470156-870x518.jpg 870w\" sizes=\"auto, (max-width: 870px) 100vw, 870px\" \/><\/p>\n<p>&nbsp;<\/p>\n<p><img loading=\"lazy\" decoding=\"async\" class=\"aligncenter wp-image-15084 size-large\" src=\"https:\/\/www.anne-frank-gymnasium.de\/wp-content\/uploads\/2021\/11\/MH6_9727-scaled-e1668537510222-1024x609.jpg\" alt=\"\" width=\"870\" height=\"517\" srcset=\"https:\/\/www.anne-frank-gymnasium.de\/wp-content\/uploads\/2021\/11\/MH6_9727-scaled-e1668537510222-1024x609.jpg 1024w, https:\/\/www.anne-frank-gymnasium.de\/wp-content\/uploads\/2021\/11\/MH6_9727-scaled-e1668537510222-300x178.jpg 300w, https:\/\/www.anne-frank-gymnasium.de\/wp-content\/uploads\/2021\/11\/MH6_9727-scaled-e1668537510222-768x457.jpg 768w, https:\/\/www.anne-frank-gymnasium.de\/wp-content\/uploads\/2021\/11\/MH6_9727-scaled-e1668537510222-1536x914.jpg 1536w, https:\/\/www.anne-frank-gymnasium.de\/wp-content\/uploads\/2021\/11\/MH6_9727-scaled-e1668537510222-2048x1218.jpg 2048w, https:\/\/www.anne-frank-gymnasium.de\/wp-content\/uploads\/2021\/11\/MH6_9727-scaled-e1668537510222-870x518.jpg 870w\" sizes=\"auto, (max-width: 870px) 100vw, 870px\" \/><\/p>\n<p>&nbsp;<\/p>\n<p><a href=\"https:\/\/www.anne-frank-gymnasium.de\/wp-content\/uploads\/2021\/11\/Z9B_5565-scaled.jpg\"><img loading=\"lazy\" decoding=\"async\" class=\"aligncenter wp-image-15087 size-large\" src=\"https:\/\/www.anne-frank-gymnasium.de\/wp-content\/uploads\/2021\/11\/Z9B_5565-scaled-e1668537532184-1024x609.jpg\" alt=\"\" width=\"870\" height=\"517\" srcset=\"https:\/\/www.anne-frank-gymnasium.de\/wp-content\/uploads\/2021\/11\/Z9B_5565-scaled-e1668537532184-1024x609.jpg 1024w, https:\/\/www.anne-frank-gymnasium.de\/wp-content\/uploads\/2021\/11\/Z9B_5565-scaled-e1668537532184-300x178.jpg 300w, https:\/\/www.anne-frank-gymnasium.de\/wp-content\/uploads\/2021\/11\/Z9B_5565-scaled-e1668537532184-768x457.jpg 768w, https:\/\/www.anne-frank-gymnasium.de\/wp-content\/uploads\/2021\/11\/Z9B_5565-scaled-e1668537532184-1536x914.jpg 1536w, https:\/\/www.anne-frank-gymnasium.de\/wp-content\/uploads\/2021\/11\/Z9B_5565-scaled-e1668537532184-2048x1218.jpg 2048w, https:\/\/www.anne-frank-gymnasium.de\/wp-content\/uploads\/2021\/11\/Z9B_5565-scaled-e1668537532184-870x518.jpg 870w\" sizes=\"auto, (max-width: 870px) 100vw, 870px\" \/><\/a><\/p>\n<p>&nbsp;<\/p>\n<p><img loading=\"lazy\" decoding=\"async\" class=\"aligncenter wp-image-15085 size-large\" src=\"https:\/\/www.anne-frank-gymnasium.de\/wp-content\/uploads\/2021\/11\/Z9B_4992-scaled-e1668537564605-1024x609.jpg\" alt=\"\" width=\"870\" height=\"517\" srcset=\"https:\/\/www.anne-frank-gymnasium.de\/wp-content\/uploads\/2021\/11\/Z9B_4992-scaled-e1668537564605-1024x609.jpg 1024w, https:\/\/www.anne-frank-gymnasium.de\/wp-content\/uploads\/2021\/11\/Z9B_4992-scaled-e1668537564605-300x178.jpg 300w, https:\/\/www.anne-frank-gymnasium.de\/wp-content\/uploads\/2021\/11\/Z9B_4992-scaled-e1668537564605-768x457.jpg 768w, https:\/\/www.anne-frank-gymnasium.de\/wp-content\/uploads\/2021\/11\/Z9B_4992-scaled-e1668537564605-1536x914.jpg 1536w, https:\/\/www.anne-frank-gymnasium.de\/wp-content\/uploads\/2021\/11\/Z9B_4992-scaled-e1668537564605-2048x1218.jpg 2048w, https:\/\/www.anne-frank-gymnasium.de\/wp-content\/uploads\/2021\/11\/Z9B_4992-scaled-e1668537564605-870x518.jpg 870w\" sizes=\"auto, (max-width: 870px) 100vw, 870px\" \/><\/p>\n<p>Fotos: Land NRW \/ Mark Hermenau<\/p>\n<p>&nbsp;<\/p>\n<p>Sch\u00fcler*Innen-Film zur Bewerbung als Europaschule:<\/p>\n<div class=\"embed-container\"><iframe loading=\"lazy\" title=\"Europafilm AFG\" src=\"https:\/\/player.vimeo.com\/video\/771665114?h=99c5bd1d28&amp;dnt=1&amp;app_id=122963\" width=\"870\" height=\"489\" frameborder=\"0\" allow=\"autoplay; fullscreen; picture-in-picture\" allowfullscreen><\/iframe><\/div>\n<p>&nbsp;<\/p>\n<p>&nbsp;<\/p>\n<p><a href=\"https:\/\/www.anne-frank-gymnasium.de\/wp-content\/uploads\/2022\/11\/doc01714420221114084816.pdf\">Urkunde zur Zertifizierung<\/a><\/p>\n<a href=\"https:\/\/www.anne-frank-gymnasium.de\/wp-content\/uploads\/2022\/11\/doc01714420221114084816.pdf\" class=\"pdfemb-viewer\" style=\"\" data-width=\"max\" data-height=\"max\" data-toolbar=\"bottom\" data-toolbar-fixed=\"off\">doc01714420221114084816<\/a>\n<p>&nbsp;<\/p>\n<p>&nbsp;<\/p>\n<p><a href=\"https:\/\/www.anne-frank-gymnasium.de\/wp-content\/uploads\/2021\/11\/Flyer-Europa-am-AFG-2021.pdf\">Unser Flyer &#8222;Europa am AFG<\/a>&#8220;<\/p>\n<a href=\"https:\/\/www.anne-frank-gymnasium.de\/wp-content\/uploads\/2021\/11\/Flyer-Europa-am-AFG-2021.pdf\" class=\"pdfemb-viewer\" style=\"\" data-width=\"max\" data-height=\"max\" data-toolbar=\"bottom\" data-toolbar-fixed=\"off\">Flyer-Europa-am-AFG-2021<\/a>\n<p>&nbsp;<\/p>\n<p><a href=\"https:\/\/www.anne-frank-gymnasium.de\/?page_id=13040\">Link zum Europa-Profil des AFG<\/a><\/p>\n<p><a href=\"https:\/\/www.anne-frank-gymnasium.de\/?cat=91\">Beitr\u00e4ge zu Aktivit\u00e4ten rundum Europa<\/a><\/p>\n","protected":false},"excerpt":{"rendered":"<\/p>\n<p>Nach zwei Jahren Vorbereitung ist es nun endlich soweit: Das Anne-Frank-Gymnasium ist als Europaschule zertifiziert worden. Nachdem das AFG zuletzt noch pers\u00f6nlich von einem Mitglied der Komission unter die Lupe genommen wurde, stand fest, dass unsere Bewerbung erfolgreich war und das AFG Europaschule wird. Am Montag fuhren dann stellvertretend f\u00fcr die ganze Schule acht &hellip; <\/p>\n<p><a class=\"more-link btn\" href=\"https:\/\/www.anne-frank-gymnasium.de\/?p=15075\">Weiterlesen<\/a><\/p>\n","protected":false},"author":12,"featured_media":15111,"comment_status":"closed","ping_status":"closed","sticky":false,"template":"","format":"standard","meta":{"footnotes":""},"categories":[36,91],"tags":[],"class_list":["post-15075","post","type-post","status-publish","format-standard","has-post-thumbnail","hentry","category-slider","category-europa","nodate","item-wrap"],"_links":{"self":[{"href":"https:\/\/www.anne-frank-gymnasium.de\/index.php?rest_route=\/wp\/v2\/posts\/15075","targetHints":{"allow":["GET"]}}],"collection":[{"href":"https:\/\/www.anne-frank-gymnasium.de\/index.php?rest_route=\/wp\/v2\/posts"}],"about":[{"href":"https:\/\/www.anne-frank-gymnasium.de\/index.php?rest_route=\/wp\/v2\/types\/post"}],"author":[{"embeddable":true,"href":"https:\/\/www.anne-frank-gymnasium.de\/index.php?rest_route=\/wp\/v2\/users\/12"}],"replies":[{"embeddable":true,"href":"https:\/\/www.anne-frank-gymnasium.de\/index.php?rest_route=%2Fwp%2Fv2%2Fcomments&post=15075"}],"version-history":[{"count":25,"href":"https:\/\/www.anne-frank-gymnasium.de\/index.php?rest_route=\/wp\/v2\/posts\/15075\/revisions"}],"predecessor-version":[{"id":15137,"href":"https:\/\/www.anne-frank-gymnasium.de\/index.php?rest_route=\/wp\/v2\/posts\/15075\/revisions\/15137"}],"wp:featuredmedia":[{"embeddable":true,"href":"https:\/\/www.anne-frank-gymnasium.de\/index.php?rest_route=\/wp\/v2\/media\/15111"}],"wp:attachment":[{"href":"https:\/\/www.anne-frank-gymnasium.de\/index.php?rest_route=%2Fwp%2Fv2%2Fmedia&parent=15075"}],"wp:term":[{"taxonomy":"category","embeddable":true,"href":"https:\/\/www.anne-frank-gymnasium.de\/index.php?rest_route=%2Fwp%2Fv2%2Fcategories&post=15075"},{"taxonomy":"post_tag","embeddable":true,"href":"https:\/\/www.anne-frank-gymnasium.de\/index.php?rest_route=%2Fwp%2Fv2%2Ftags&post=15075"}],"curies":[{"name":"wp","href":"https:\/\/api.w.org\/{rel}","templated":true}]}}