{"id":15031,"date":"2022-10-23T14:44:52","date_gmt":"2022-10-23T12:44:52","guid":{"rendered":"https:\/\/www.anne-frank-gymnasium.de\/?p=15031"},"modified":"2024-10-13T10:48:17","modified_gmt":"2024-10-13T08:48:17","slug":"nrw-schuelerakademie-am-aasee","status":"publish","type":"post","link":"https:\/\/www.anne-frank-gymnasium.de\/?p=15031","title":{"rendered":"Q2-Sch\u00fcler Jendrik Meisel berichtet von der NRW-Sch\u00fclerakademie in M\u00fcnster"},"content":{"rendered":"<p><img loading=\"lazy\" decoding=\"async\" class=\"aligncenter wp-image-15032 size-large\" src=\"https:\/\/www.anne-frank-gymnasium.de\/wp-content\/uploads\/2022\/10\/NRW-SMIMS-Gruppenfoto-2022-1024x466.jpg\" alt=\"\" width=\"870\" height=\"396\" srcset=\"https:\/\/www.anne-frank-gymnasium.de\/wp-content\/uploads\/2022\/10\/NRW-SMIMS-Gruppenfoto-2022-1024x466.jpg 1024w, https:\/\/www.anne-frank-gymnasium.de\/wp-content\/uploads\/2022\/10\/NRW-SMIMS-Gruppenfoto-2022-300x136.jpg 300w, https:\/\/www.anne-frank-gymnasium.de\/wp-content\/uploads\/2022\/10\/NRW-SMIMS-Gruppenfoto-2022-768x349.jpg 768w, https:\/\/www.anne-frank-gymnasium.de\/wp-content\/uploads\/2022\/10\/NRW-SMIMS-Gruppenfoto-2022-1536x699.jpg 1536w, https:\/\/www.anne-frank-gymnasium.de\/wp-content\/uploads\/2022\/10\/NRW-SMIMS-Gruppenfoto-2022-2048x932.jpg 2048w, https:\/\/www.anne-frank-gymnasium.de\/wp-content\/uploads\/2022\/10\/NRW-SMIMS-Gruppenfoto-2022-870x396.jpg 870w\" sizes=\"auto, (max-width: 870px) 100vw, 870px\" \/><\/p>\n<p>Unser Sch\u00fcler Jendrik Meisel, Q2, berichtet von seiner Teilnahme an der NRW-Sch\u00fclerakademie Mathematik und Informatik. Informationen erteilt auch Frau Ort.<\/p>\n<p><!--more--><\/p>\n<p>In der Woche vom 22.8 bis zum 26.8 habe ich an der NRW-Sch\u00fclerakademie Mathematik und Informatik am Aasee in M\u00fcnster teilgenommen (http:\/\/www.smims.nrw.de). In Gruppen von etwa zehn Leuten haben wir an spannenden Projekten gearbeitet.<\/p>\n<p>In meinem Projekt \u201eMathematik sehen\u201c ging es um die <a href=\"https:\/\/www.anne-frank-gymnasium.de\/wp-content\/uploads\/2022\/10\/summe_ungerade_gif.gif\"><img loading=\"lazy\" decoding=\"async\" class=\" wp-image-15033 alignright\" src=\"https:\/\/www.anne-frank-gymnasium.de\/wp-content\/uploads\/2022\/10\/summe_ungerade_gif-300x300.gif\" alt=\"\" width=\"245\" height=\"245\" srcset=\"https:\/\/www.anne-frank-gymnasium.de\/wp-content\/uploads\/2022\/10\/summe_ungerade_gif-300x300.gif 300w, https:\/\/www.anne-frank-gymnasium.de\/wp-content\/uploads\/2022\/10\/summe_ungerade_gif-150x150.gif 150w\" sizes=\"auto, (max-width: 245px) 100vw, 245px\" \/><\/a>Visualisierung mathematischer Beweise. Wir haben kleine Animationen programmiert, mit dem Ziel solche abstrakten mathematischen Beweise intuitiv verst\u00e4ndlich zu machen.<\/p>\n<p>Die Animation zeigt visuell, dass zwei ungerade Zahlen immer eine gerade Zahl ergeben. Eine ungerade Zahl besteht aus zwei unterschiedlich langen Zahlenreihen. Bei der Addition entstehen zwei gleichlange Zahlenreihen, also eine Gerade Zahl.<\/p>\n<p>Neben der Arbeit in den Projekten haben wir Vorlesungen an der Uni-M\u00fcnster geh\u00f6rt, uns mit Studenten ausgetauscht und weitere Aktivit\u00e4ten durchgef\u00fchrt.<\/p>\n<p>Jenrik Meisel Q2<\/p>\n","protected":false},"excerpt":{"rendered":"<\/p>\n<p>Unser Sch\u00fcler Jendrik Meisel, Q2, berichtet von seiner Teilnahme an der NRW-Sch\u00fclerakademie Mathematik und Informatik. Informationen erteilt auch Frau Ort.<\/p><p><a class=\"more-link btn\" href=\"https:\/\/www.anne-frank-gymnasium.de\/?p=15031\">Weiterlesen<\/a><\/p>\n","protected":false},"author":12,"featured_media":0,"comment_status":"closed","ping_status":"closed","sticky":false,"template":"","format":"standard","meta":{"footnotes":""},"categories":[66,73,19,99],"tags":[],"class_list":["post-15031","post","type-post","status-publish","format-standard","hentry","category-fach-informatik","category-fach-mathe","category-oberstufe","category-schuelerinnen-schreiben","nodate","item-wrap"],"_links":{"self":[{"href":"https:\/\/www.anne-frank-gymnasium.de\/index.php?rest_route=\/wp\/v2\/posts\/15031","targetHints":{"allow":["GET"]}}],"collection":[{"href":"https:\/\/www.anne-frank-gymnasium.de\/index.php?rest_route=\/wp\/v2\/posts"}],"about":[{"href":"https:\/\/www.anne-frank-gymnasium.de\/index.php?rest_route=\/wp\/v2\/types\/post"}],"author":[{"embeddable":true,"href":"https:\/\/www.anne-frank-gymnasium.de\/index.php?rest_route=\/wp\/v2\/users\/12"}],"replies":[{"embeddable":true,"href":"https:\/\/www.anne-frank-gymnasium.de\/index.php?rest_route=%2Fwp%2Fv2%2Fcomments&post=15031"}],"version-history":[{"count":4,"href":"https:\/\/www.anne-frank-gymnasium.de\/index.php?rest_route=\/wp\/v2\/posts\/15031\/revisions"}],"predecessor-version":[{"id":15083,"href":"https:\/\/www.anne-frank-gymnasium.de\/index.php?rest_route=\/wp\/v2\/posts\/15031\/revisions\/15083"}],"wp:attachment":[{"href":"https:\/\/www.anne-frank-gymnasium.de\/index.php?rest_route=%2Fwp%2Fv2%2Fmedia&parent=15031"}],"wp:term":[{"taxonomy":"category","embeddable":true,"href":"https:\/\/www.anne-frank-gymnasium.de\/index.php?rest_route=%2Fwp%2Fv2%2Fcategories&post=15031"},{"taxonomy":"post_tag","embeddable":true,"href":"https:\/\/www.anne-frank-gymnasium.de\/index.php?rest_route=%2Fwp%2Fv2%2Ftags&post=15031"}],"curies":[{"name":"wp","href":"https:\/\/api.w.org\/{rel}","templated":true}]}}