{"id":14363,"date":"2022-05-31T08:53:19","date_gmt":"2022-05-31T06:53:19","guid":{"rendered":"https:\/\/www.anne-frank-gymnasium.de\/?p=14363"},"modified":"2022-06-23T20:46:55","modified_gmt":"2022-06-23T18:46:55","slug":"wie-lange-noch-die-zeit-des-lebens-von-caja-schleicher-literaturkurs-q1-spielt-eigenes-stueck-ueber-existentielle-fragen","status":"publish","type":"post","link":"https:\/\/www.anne-frank-gymnasium.de\/?p=14363","title":{"rendered":"&#8222;Wie lange noch ? &#8211; Die Zeit des Lebens&#8220; von Caja Schleicher &#8211; Literaturkurs Q1 spielt eigenes St\u00fcck \u00fcber existentielle Fragen"},"content":{"rendered":"<p><a href=\"https:\/\/www.anne-frank-gymnasium.de\/wp-content\/uploads\/2022\/05\/Postkarten_Wielange_A6.jpg\"><img loading=\"lazy\" decoding=\"async\" class=\" wp-image-14364 alignleft\" src=\"https:\/\/www.anne-frank-gymnasium.de\/wp-content\/uploads\/2022\/05\/Postkarten_Wielange_A6-213x300.jpg\" alt=\"\" width=\"218\" height=\"307\" srcset=\"https:\/\/www.anne-frank-gymnasium.de\/wp-content\/uploads\/2022\/05\/Postkarten_Wielange_A6-213x300.jpg 213w, https:\/\/www.anne-frank-gymnasium.de\/wp-content\/uploads\/2022\/05\/Postkarten_Wielange_A6-726x1024.jpg 726w, https:\/\/www.anne-frank-gymnasium.de\/wp-content\/uploads\/2022\/05\/Postkarten_Wielange_A6-768x1083.jpg 768w, https:\/\/www.anne-frank-gymnasium.de\/wp-content\/uploads\/2022\/05\/Postkarten_Wielange_A6-1090x1536.jpg 1090w, https:\/\/www.anne-frank-gymnasium.de\/wp-content\/uploads\/2022\/05\/Postkarten_Wielange_A6-870x1226.jpg 870w, https:\/\/www.anne-frank-gymnasium.de\/wp-content\/uploads\/2022\/05\/Postkarten_Wielange_A6.jpg 1240w\" sizes=\"auto, (max-width: 218px) 100vw, 218px\" \/><\/a>Welche Rolle spielt Zeit in unserer Gesellschaft? Warum wandelt sich unser Zeitempfinden? Welchen Einfluss haben Social Media auf unser subjektives Zeitempfinden? Das St\u00fcck von Caja Schleicher (Q1) zeichnet, mit der Geschichte von Julia und Will, ein Bild junger Menschen auf der Suche nach sich selbst.<\/p>\n<p>Julia, auf der Jagd nach dem n\u00e4chsten Snap, Like oder dem neusten Video, nimmt die Zeit ihres Lebens als selbstverst\u00e4ndlich wahr. Mit dem Smartphone in der Hand f\u00fchlt sie sich sicher und hat immer etwas zu tun. Eine geplante Reise mit ihrem besten Freund Will soll eine ersehnte Abwechslung in das Leben der beiden jungen Erwachsenen bringen, die kurz vor dem Ende ihrer Schulzeit stehen. Ihr Alltag ist gepr\u00e4gt von schulischem und medialem Leistungsdruck. Als Will unmittelbar vor der Reise verschwindet, ver\u00e4ndert sich Julias Leben dramatisch.<\/p>\n<p>Der Literaturkurs des Anne-Frank-Gymnasiums setzt sich damit auseinander, wer man sein m\u00f6chte und wie man leben will. Die Konfrontation mit existenzieller Erfahrung wirft umso dr\u00e4ngender die Frage auf, was jeder einzelne mit seiner eigenen Lebenszeit anfangen m\u00f6chte.<\/p>\n<p>Auff\u00fchrungen sind am 8. und 10. Juni um 19:00 Uhr in der Aula des Anne-Frank-Gymnasiums, Hander Weg 89, 52072 Aachen. Die Tickets kosten 2,50 Euro. Der VVK findet zwischen dem 24.05. und dem 8.6.\u00a0 t\u00e4glich im PZ von 10:30-11:00 Uhr statt. Es wird ebenfalls eine Abendkasse geben, allerdings nur wenn Tickets im VVK \u00fcbrigbleiben sollten. &#8211; Hanna Rauschen<\/p>\n","protected":false},"excerpt":{"rendered":"<p><a href=\"https:\/\/www.anne-frank-gymnasium.de\/wp-content\/uploads\/2022\/05\/Postkarten_Wielange_A6.jpg\"><\/a>Welche Rolle spielt Zeit in unserer Gesellschaft? Warum wandelt sich unser Zeitempfinden? Welchen Einfluss haben Social Media auf unser subjektives Zeitempfinden? Das St\u00fcck von Caja Schleicher (Q1) zeichnet, mit der Geschichte von Julia und Will, ein Bild junger Menschen auf der Suche nach sich selbst.<\/p>\n<p>Julia, auf der Jagd nach dem n\u00e4chsten Snap, Like &hellip; <\/p>\n<p><a class=\"more-link btn\" href=\"https:\/\/www.anne-frank-gymnasium.de\/?p=14363\">Weiterlesen<\/a><\/p>\n","protected":false},"author":12,"featured_media":0,"comment_status":"closed","ping_status":"closed","sticky":false,"template":"","format":"standard","meta":{"footnotes":""},"categories":[36,44,41],"tags":[],"class_list":["post-14363","post","type-post","status-publish","format-standard","hentry","category-slider","category-fach-deutsch","category-theater","nodate","item-wrap"],"_links":{"self":[{"href":"https:\/\/www.anne-frank-gymnasium.de\/index.php?rest_route=\/wp\/v2\/posts\/14363","targetHints":{"allow":["GET"]}}],"collection":[{"href":"https:\/\/www.anne-frank-gymnasium.de\/index.php?rest_route=\/wp\/v2\/posts"}],"about":[{"href":"https:\/\/www.anne-frank-gymnasium.de\/index.php?rest_route=\/wp\/v2\/types\/post"}],"author":[{"embeddable":true,"href":"https:\/\/www.anne-frank-gymnasium.de\/index.php?rest_route=\/wp\/v2\/users\/12"}],"replies":[{"embeddable":true,"href":"https:\/\/www.anne-frank-gymnasium.de\/index.php?rest_route=%2Fwp%2Fv2%2Fcomments&post=14363"}],"version-history":[{"count":4,"href":"https:\/\/www.anne-frank-gymnasium.de\/index.php?rest_route=\/wp\/v2\/posts\/14363\/revisions"}],"predecessor-version":[{"id":14446,"href":"https:\/\/www.anne-frank-gymnasium.de\/index.php?rest_route=\/wp\/v2\/posts\/14363\/revisions\/14446"}],"wp:attachment":[{"href":"https:\/\/www.anne-frank-gymnasium.de\/index.php?rest_route=%2Fwp%2Fv2%2Fmedia&parent=14363"}],"wp:term":[{"taxonomy":"category","embeddable":true,"href":"https:\/\/www.anne-frank-gymnasium.de\/index.php?rest_route=%2Fwp%2Fv2%2Fcategories&post=14363"},{"taxonomy":"post_tag","embeddable":true,"href":"https:\/\/www.anne-frank-gymnasium.de\/index.php?rest_route=%2Fwp%2Fv2%2Ftags&post=14363"}],"curies":[{"name":"wp","href":"https:\/\/api.w.org\/{rel}","templated":true}]}}