{"id":14108,"date":"2022-03-27T12:20:13","date_gmt":"2022-03-27T10:20:13","guid":{"rendered":"https:\/\/www.anne-frank-gymnasium.de\/?p=14108"},"modified":"2022-05-15T00:47:29","modified_gmt":"2022-05-14T22:47:29","slug":"ausfluege-in-die-eissporthalle-aachen-und-in-die-skihalle-nach-landgraaf","status":"publish","type":"post","link":"https:\/\/www.anne-frank-gymnasium.de\/?p=14108","title":{"rendered":"Ausfl\u00fcge in die Eissporthalle und in die Skihalle\u00a0in Landgraaf"},"content":{"rendered":"<p><img loading=\"lazy\" decoding=\"async\" class=\"aligncenter wp-image-14109 size-large\" src=\"https:\/\/www.anne-frank-gymnasium.de\/wp-content\/uploads\/2022\/03\/IMG_20220310_132020-scaled-e1648376320433-1024x640.jpg\" alt=\"\" width=\"870\" height=\"544\" srcset=\"https:\/\/www.anne-frank-gymnasium.de\/wp-content\/uploads\/2022\/03\/IMG_20220310_132020-scaled-e1648376320433-1024x640.jpg 1024w, https:\/\/www.anne-frank-gymnasium.de\/wp-content\/uploads\/2022\/03\/IMG_20220310_132020-scaled-e1648376320433-300x188.jpg 300w, https:\/\/www.anne-frank-gymnasium.de\/wp-content\/uploads\/2022\/03\/IMG_20220310_132020-scaled-e1648376320433-768x480.jpg 768w, https:\/\/www.anne-frank-gymnasium.de\/wp-content\/uploads\/2022\/03\/IMG_20220310_132020-scaled-e1648376320433-1536x960.jpg 1536w, https:\/\/www.anne-frank-gymnasium.de\/wp-content\/uploads\/2022\/03\/IMG_20220310_132020-scaled-e1648376320433-2048x1280.jpg 2048w, https:\/\/www.anne-frank-gymnasium.de\/wp-content\/uploads\/2022\/03\/IMG_20220310_132020-scaled-e1648376320433-870x544.jpg 870w\" sizes=\"auto, (max-width: 870px) 100vw, 870px\" \/><\/p>\n<p>In diesem Jahr mussten wir schweren Herzens unsere Skifahrt mit der Jahrgangsstufe 9 absagen. Die pandemische Lage lies eine einw\u00f6chige Klassenfahrt nach \u00d6sterreich nicht zu. Daher entschlossen sich die 9er Klassenlehrerteams, bis zu den Sommerferien 4 Tagesausfl\u00fcge durchzuf\u00fchren: Schlittschuhlaufen, Ski-\/Snowboardfahren, Wasserskifahren und eine Exkursion zum Anne-Frank-Haus nach Amsterdam. Am Aschermittwoch ging es in die Eissporthalle Aachen. Hier hatten die Sch\u00fclerInnen die M\u00f6glichkeit ihre Fertigkeiten mit einer Eislauftrainerin zu verbessern. Der Tag auf dem Eis ohne regul\u00e4ren Unterricht aber mit Discomusik hat allen sehr viel Spa\u00df gemacht.<\/p>\n<p><!--more--><\/p>\n<p>Eine Woche sp\u00e4ter fuhren die 9er Sch\u00fclerInnen in die Skihalle <em>SnowWorld<\/em> nach Landgraaf. Erst hie\u00df es sich richtig anzukleiden. Schlie\u00dflich herrschen auf den Schneepisten eisige Temperaturen von -5\u00b0C. Anschlie\u00dfend wurden die Sch\u00fclerInnen zwei Stunden in Kleingruppen von TrainerInnen gecoacht. W\u00e4hrend die einen noch den Idiotenh\u00fcgel eroberten, konnten die Halbprofis bereits auf schwierigeren Pisten ihre Fertigkeiten verbessern. Schlie\u00dflich konnten alle nach dem Skiunterricht ihre Abfahrten und Schw\u00fcnge zwei Stunden lang frei ausprobieren. Insgesamt waren alle sehr motiviert und hatten viel Spa\u00df im Schnee, so dass zum Ende dieses tolle Bild zustande kam. Bleibt noch zu sagen, dass die ersten Beiden von vier Tagesausfl\u00fcgen gl\u00fccklicherweise verletzungsfrei verliefen. Alle freuen sich schon auf die Ausfl\u00fcge drei und vier.<\/p>\n<p><img loading=\"lazy\" decoding=\"async\" class=\"aligncenter wp-image-14110 size-large\" src=\"https:\/\/www.anne-frank-gymnasium.de\/wp-content\/uploads\/2022\/03\/jfif-e1648376392218-1024x576.jpg\" alt=\"\" width=\"870\" height=\"489\" srcset=\"https:\/\/www.anne-frank-gymnasium.de\/wp-content\/uploads\/2022\/03\/jfif-e1648376392218-1024x576.jpg 1024w, https:\/\/www.anne-frank-gymnasium.de\/wp-content\/uploads\/2022\/03\/jfif-e1648376392218-300x169.jpg 300w, https:\/\/www.anne-frank-gymnasium.de\/wp-content\/uploads\/2022\/03\/jfif-e1648376392218-768x432.jpg 768w, https:\/\/www.anne-frank-gymnasium.de\/wp-content\/uploads\/2022\/03\/jfif-e1648376392218-1536x864.jpg 1536w, https:\/\/www.anne-frank-gymnasium.de\/wp-content\/uploads\/2022\/03\/jfif-e1648376392218-870x490.jpg 870w, https:\/\/www.anne-frank-gymnasium.de\/wp-content\/uploads\/2022\/03\/jfif-e1648376392218.jpg 2001w\" sizes=\"auto, (max-width: 870px) 100vw, 870px\" \/><\/p>\n<p>&nbsp;<\/p>\n","protected":false},"excerpt":{"rendered":"<\/p>\n<p>In diesem Jahr mussten wir schweren Herzens unsere Skifahrt mit der Jahrgangsstufe 9 absagen. Die pandemische Lage lies eine einw\u00f6chige Klassenfahrt nach \u00d6sterreich nicht zu. Daher entschlossen sich die 9er Klassenlehrerteams, bis zu den Sommerferien 4 Tagesausfl\u00fcge durchzuf\u00fchren: Schlittschuhlaufen, Ski-\/Snowboardfahren, Wasserskifahren und eine Exkursion zum Anne-Frank-Haus nach Amsterdam. Am Aschermittwoch ging es in die &hellip; <\/p>\n<p><a class=\"more-link btn\" href=\"https:\/\/www.anne-frank-gymnasium.de\/?p=14108\">Weiterlesen<\/a><\/p>\n","protected":false},"author":12,"featured_media":14110,"comment_status":"closed","ping_status":"closed","sticky":false,"template":"","format":"standard","meta":{"footnotes":""},"categories":[37,60],"tags":[],"class_list":["post-14108","post","type-post","status-publish","format-standard","has-post-thumbnail","hentry","category-fach-sport","category-fahrten","nodate","item-wrap"],"_links":{"self":[{"href":"https:\/\/www.anne-frank-gymnasium.de\/index.php?rest_route=\/wp\/v2\/posts\/14108","targetHints":{"allow":["GET"]}}],"collection":[{"href":"https:\/\/www.anne-frank-gymnasium.de\/index.php?rest_route=\/wp\/v2\/posts"}],"about":[{"href":"https:\/\/www.anne-frank-gymnasium.de\/index.php?rest_route=\/wp\/v2\/types\/post"}],"author":[{"embeddable":true,"href":"https:\/\/www.anne-frank-gymnasium.de\/index.php?rest_route=\/wp\/v2\/users\/12"}],"replies":[{"embeddable":true,"href":"https:\/\/www.anne-frank-gymnasium.de\/index.php?rest_route=%2Fwp%2Fv2%2Fcomments&post=14108"}],"version-history":[{"count":6,"href":"https:\/\/www.anne-frank-gymnasium.de\/index.php?rest_route=\/wp\/v2\/posts\/14108\/revisions"}],"predecessor-version":[{"id":14113,"href":"https:\/\/www.anne-frank-gymnasium.de\/index.php?rest_route=\/wp\/v2\/posts\/14108\/revisions\/14113"}],"wp:featuredmedia":[{"embeddable":true,"href":"https:\/\/www.anne-frank-gymnasium.de\/index.php?rest_route=\/wp\/v2\/media\/14110"}],"wp:attachment":[{"href":"https:\/\/www.anne-frank-gymnasium.de\/index.php?rest_route=%2Fwp%2Fv2%2Fmedia&parent=14108"}],"wp:term":[{"taxonomy":"category","embeddable":true,"href":"https:\/\/www.anne-frank-gymnasium.de\/index.php?rest_route=%2Fwp%2Fv2%2Fcategories&post=14108"},{"taxonomy":"post_tag","embeddable":true,"href":"https:\/\/www.anne-frank-gymnasium.de\/index.php?rest_route=%2Fwp%2Fv2%2Ftags&post=14108"}],"curies":[{"name":"wp","href":"https:\/\/api.w.org\/{rel}","templated":true}]}}