{"id":14090,"date":"2022-03-21T20:54:52","date_gmt":"2022-03-21T19:54:52","guid":{"rendered":"https:\/\/www.anne-frank-gymnasium.de\/?p=14090"},"modified":"2022-03-27T12:23:13","modified_gmt":"2022-03-27T10:23:13","slug":"anne-frank-gymnasium-erhaelt-erneute-auszeichnung-als-fair-trade-school","status":"publish","type":"post","link":"https:\/\/www.anne-frank-gymnasium.de\/?p=14090","title":{"rendered":"AFG erh\u00e4lt erneute Auszeichnung als Fair-Trade-School"},"content":{"rendered":"<p>D<a href=\"https:\/\/www.anne-frank-gymnasium.de\/wp-content\/uploads\/2022\/03\/Urkunde-Titelerneuerung-1-scaled.jpg\"><img loading=\"lazy\" decoding=\"async\" class=\"alignright wp-image-14092 \" src=\"https:\/\/www.anne-frank-gymnasium.de\/wp-content\/uploads\/2022\/03\/Urkunde-Titelerneuerung-1-scaled-e1647892450687-246x300.jpg\" alt=\"\" width=\"269\" height=\"328\" srcset=\"https:\/\/www.anne-frank-gymnasium.de\/wp-content\/uploads\/2022\/03\/Urkunde-Titelerneuerung-1-scaled-e1647892450687-246x300.jpg 246w, https:\/\/www.anne-frank-gymnasium.de\/wp-content\/uploads\/2022\/03\/Urkunde-Titelerneuerung-1-scaled-e1647892450687-838x1024.jpg 838w, https:\/\/www.anne-frank-gymnasium.de\/wp-content\/uploads\/2022\/03\/Urkunde-Titelerneuerung-1-scaled-e1647892450687-768x938.jpg 768w, https:\/\/www.anne-frank-gymnasium.de\/wp-content\/uploads\/2022\/03\/Urkunde-Titelerneuerung-1-scaled-e1647892450687-1257x1536.jpg 1257w, https:\/\/www.anne-frank-gymnasium.de\/wp-content\/uploads\/2022\/03\/Urkunde-Titelerneuerung-1-scaled-e1647892450687-870x1063.jpg 870w, https:\/\/www.anne-frank-gymnasium.de\/wp-content\/uploads\/2022\/03\/Urkunde-Titelerneuerung-1-scaled-e1647892450687.jpg 1676w\" sizes=\"auto, (max-width: 269px) 100vw, 269px\" \/><\/a>as Anne-Frank-Gymnasium hat das Verfahren zur Titelerneuerung als Fair-Trade-School erfolgreich durchlaufen. F\u00fcr mindestens zwei weitere Jahre d\u00fcrfen wir uns weiterhin an dieser Auszeichnung erfreuen und das offizielle Logo verwenden. Trotz vieler widriger Umst\u00e4nde in der Pandemiezeit war es uns gelungen, alle begonnenen Aktionen fortzuf\u00fchren.<\/p>\n<p>Dazu z\u00e4hlte in der Pr\u00e4senzphase der w\u00f6chentliche Verkaufsstand in der Mittagspause, an dem z. B. fair gehandelte Fr\u00fcchte-, Schokoladenriegel und Waffeln verkauft wurden. In der Mensa wurde nach wie vor fair gehandelter Kaffee angeboten und an Sprechtagen sowie besonderen Veranstaltungstagen ebenfalls faire Waren an unserem Stand verkauft. Im Bereich der Nachhaltigkeit wurde u. a. eine Aktion zum Thema \u201eUpcycling\u201c durchgef\u00fchrt.<\/p>\n<p><!--more-->Die Planungen unserer Aktionen erfolgen im Rahmen unserer Fair-Trade-AG, die sich regelm\u00e4\u00dfig \u2013 bei Bedarf auch online \u2013 trifft. Teilnehmende in der AG sind neben den organisierenden Lehrenden auch Sch\u00fclerinnen und Sch\u00fcler und Eltern. Wir danken unserer ehemaligen Kollegin Frau Zucketto-Debour, die uns weiterhin tatkr\u00e4ftig unterst\u00fctzt, und allen engagierten Sch\u00fclerinnen und Sch\u00fclern und deren Familien. Unsere n\u00e4chste Rezertifizierung wird in ca. zwei Jahren absolviert werden. Alle Interessierten k\u00f6nnen sich bei uns melden und mitmachen \u2013 gerne auch zun\u00e4chst unverbindlich an einem AG-Treffen teilnehmen.<\/p>\n<p>F\u00fcr das FairTrade-Projekt: M. Br\u00f6gelmann<\/p>\n","protected":false},"excerpt":{"rendered":"<p>D<a href=\"https:\/\/www.anne-frank-gymnasium.de\/wp-content\/uploads\/2022\/03\/Urkunde-Titelerneuerung-1-scaled.jpg\"><\/a>as Anne-Frank-Gymnasium hat das Verfahren zur Titelerneuerung als Fair-Trade-School erfolgreich durchlaufen. F\u00fcr mindestens zwei weitere Jahre d\u00fcrfen wir uns weiterhin an dieser Auszeichnung erfreuen und das offizielle Logo verwenden. Trotz vieler widriger Umst\u00e4nde in der Pandemiezeit war es uns gelungen, alle begonnenen Aktionen fortzuf\u00fchren.<\/p>\n<p>Dazu z\u00e4hlte in der Pr\u00e4senzphase der w\u00f6chentliche Verkaufsstand in der &hellip; <\/p>\n<p><a class=\"more-link btn\" href=\"https:\/\/www.anne-frank-gymnasium.de\/?p=14090\">Weiterlesen<\/a><\/p>\n","protected":false},"author":12,"featured_media":0,"comment_status":"closed","ping_status":"closed","sticky":false,"template":"","format":"standard","meta":{"footnotes":""},"categories":[58,79,53],"tags":[],"class_list":["post-14090","post","type-post","status-publish","format-standard","hentry","category-ags","category-fairtrade","category-soziales","nodate","item-wrap"],"_links":{"self":[{"href":"https:\/\/www.anne-frank-gymnasium.de\/index.php?rest_route=\/wp\/v2\/posts\/14090","targetHints":{"allow":["GET"]}}],"collection":[{"href":"https:\/\/www.anne-frank-gymnasium.de\/index.php?rest_route=\/wp\/v2\/posts"}],"about":[{"href":"https:\/\/www.anne-frank-gymnasium.de\/index.php?rest_route=\/wp\/v2\/types\/post"}],"author":[{"embeddable":true,"href":"https:\/\/www.anne-frank-gymnasium.de\/index.php?rest_route=\/wp\/v2\/users\/12"}],"replies":[{"embeddable":true,"href":"https:\/\/www.anne-frank-gymnasium.de\/index.php?rest_route=%2Fwp%2Fv2%2Fcomments&post=14090"}],"version-history":[{"count":4,"href":"https:\/\/www.anne-frank-gymnasium.de\/index.php?rest_route=\/wp\/v2\/posts\/14090\/revisions"}],"predecessor-version":[{"id":14115,"href":"https:\/\/www.anne-frank-gymnasium.de\/index.php?rest_route=\/wp\/v2\/posts\/14090\/revisions\/14115"}],"wp:attachment":[{"href":"https:\/\/www.anne-frank-gymnasium.de\/index.php?rest_route=%2Fwp%2Fv2%2Fmedia&parent=14090"}],"wp:term":[{"taxonomy":"category","embeddable":true,"href":"https:\/\/www.anne-frank-gymnasium.de\/index.php?rest_route=%2Fwp%2Fv2%2Fcategories&post=14090"},{"taxonomy":"post_tag","embeddable":true,"href":"https:\/\/www.anne-frank-gymnasium.de\/index.php?rest_route=%2Fwp%2Fv2%2Ftags&post=14090"}],"curies":[{"name":"wp","href":"https:\/\/api.w.org\/{rel}","templated":true}]}}