{"id":13980,"date":"2022-03-05T15:12:18","date_gmt":"2022-03-05T14:12:18","guid":{"rendered":"https:\/\/www.anne-frank-gymnasium.de\/?p=13980"},"modified":"2022-11-15T20:23:08","modified_gmt":"2022-11-15T19:23:08","slug":"wanderausstellung-zur-machtergreifung-1933-in-der-bibliothek","status":"publish","type":"post","link":"https:\/\/www.anne-frank-gymnasium.de\/?p=13980","title":{"rendered":"Ausstellung zur Machtergreifung 1933 in der Bibliothek"},"content":{"rendered":"<p><img loading=\"lazy\" decoding=\"async\" class=\"aligncenter wp-image-13987 size-large\" src=\"https:\/\/www.anne-frank-gymnasium.de\/wp-content\/uploads\/2022\/03\/IMG_7991-e1646489309791-1024x682.jpg\" alt=\"\" width=\"870\" height=\"579\" srcset=\"https:\/\/www.anne-frank-gymnasium.de\/wp-content\/uploads\/2022\/03\/IMG_7991-e1646489309791-1024x682.jpg 1024w, https:\/\/www.anne-frank-gymnasium.de\/wp-content\/uploads\/2022\/03\/IMG_7991-e1646489309791-300x200.jpg 300w, https:\/\/www.anne-frank-gymnasium.de\/wp-content\/uploads\/2022\/03\/IMG_7991-e1646489309791-768x512.jpg 768w, https:\/\/www.anne-frank-gymnasium.de\/wp-content\/uploads\/2022\/03\/IMG_7991-e1646489309791-1536x1023.jpg 1536w, https:\/\/www.anne-frank-gymnasium.de\/wp-content\/uploads\/2022\/03\/IMG_7991-e1646489309791-870x580.jpg 870w, https:\/\/www.anne-frank-gymnasium.de\/wp-content\/uploads\/2022\/03\/IMG_7991-e1646489309791.jpg 1797w\" sizes=\"auto, (max-width: 870px) 100vw, 870px\" \/><\/p>\n<p>Wozu es f\u00fchren kann, wenn ein Mensch zu viel Macht \u00fcber andere Menschen hat, k\u00f6nnen wir gerade wieder schmerzlich in der Ukraine sehen. Viele Menschen in Deutschland f\u00fchlen sich unterdessen erinnert an Vorg\u00e4nge aus der Geschichte der Weimarer Republik und des Nationalsozialismus. In der sch\u00f6nen Bibliothek des Schulzentrums ist aktuell die Wanderaustellung &#8222;<em>Aachen 1933&#8243;<\/em> der VHS Aachen und der Initiative <em>Wege gegen das Vergessen Aachen, 1933-1945 <\/em>zu sehen. Die Ausstellung stellt auf 18 bebilderten Tafeln die Hintergr\u00fcnde und Schritte der so genannten Machtergreifung der Nationalsozialisten um den 30. Januar 1933 dar, mit einem Fokus auf den Ereignissen in der Stadt Aachen.<\/p>\n<p><!--more-->Der Geschichtsgrundkurs Q2 von Frau Heuterkes hat Arbeitsbl\u00e4tter zur den Tafeln erstellt, die im Geschichtsunterricht der Klassen 9 zur Entdeckung der Ausstellung genutzt werden. Die Fotos zeigen Sch\u00fclerinnen und Sch\u00fcler der Klasse 9b von Frau Hans, die die Tafeln arbeitsteilig untersuchen. Sp\u00e4ter werden sie die Ergebnisse mit dem laufenden Geschichtsunterricht verkn\u00fcpfen. Wir sind froh, dass wir zusammen mit der Heinrich-Heine-Gesamtschule unsere Kooperation mit der VHS Aachen fortsetzen k\u00f6nnen, die wir vor zwei Jahren mit einer Wanderausstellung zur J\u00fcdischen Gemeinde in Aachen und einem Vortrag des Historikers Dr. Dux initiiert haben (<a href=\"https:\/\/www.anne-frank-gymnasium.de\/?p=10999\">Artikel zur Ausstellung<em> &#8222;Es geschah in Aachen&#8230;<\/em><\/a>&#8222;). Die Ausstellung &#8222;<em>Aachen 1933&#8243;<\/em> wird noch bis Ende M\u00e4rz an unserer Schule zu sehen sein. Wir bitten exerne Besucher, sich im <a href=\"https:\/\/www.anne-frank-gymnasium.de\/?page_id=4629\">Sekretariat<\/a> anzumelden und die <a href=\"https:\/\/www.anne-frank-gymnasium.de\/?page_id=110\">\u00d6ffnungzeiten unserer Bibliothek<\/a> zu beachten.<\/p>\n<p>Johannes Kraft<\/p>\n<p><img loading=\"lazy\" decoding=\"async\" class=\"aligncenter wp-image-13988 size-large\" src=\"https:\/\/www.anne-frank-gymnasium.de\/wp-content\/uploads\/2022\/03\/IMG_7998-scaled-e1646489410541-1024x671.jpg\" alt=\"\" width=\"870\" height=\"570\" srcset=\"https:\/\/www.anne-frank-gymnasium.de\/wp-content\/uploads\/2022\/03\/IMG_7998-scaled-e1646489410541-1024x671.jpg 1024w, https:\/\/www.anne-frank-gymnasium.de\/wp-content\/uploads\/2022\/03\/IMG_7998-scaled-e1646489410541-300x197.jpg 300w, https:\/\/www.anne-frank-gymnasium.de\/wp-content\/uploads\/2022\/03\/IMG_7998-scaled-e1646489410541-768x503.jpg 768w, https:\/\/www.anne-frank-gymnasium.de\/wp-content\/uploads\/2022\/03\/IMG_7998-scaled-e1646489410541-1536x1007.jpg 1536w, https:\/\/www.anne-frank-gymnasium.de\/wp-content\/uploads\/2022\/03\/IMG_7998-scaled-e1646489410541-2048x1342.jpg 2048w, https:\/\/www.anne-frank-gymnasium.de\/wp-content\/uploads\/2022\/03\/IMG_7998-scaled-e1646489410541-870x570.jpg 870w\" sizes=\"auto, (max-width: 870px) 100vw, 870px\" \/><\/p>\n<p>&nbsp;<\/p>\n<p><img loading=\"lazy\" decoding=\"async\" class=\"aligncenter wp-image-13985 size-large\" src=\"https:\/\/www.anne-frank-gymnasium.de\/wp-content\/uploads\/2022\/03\/IMG_7969-scaled-e1646489470574-1024x682.jpg\" alt=\"\" width=\"870\" height=\"579\" srcset=\"https:\/\/www.anne-frank-gymnasium.de\/wp-content\/uploads\/2022\/03\/IMG_7969-scaled-e1646489470574-1024x682.jpg 1024w, https:\/\/www.anne-frank-gymnasium.de\/wp-content\/uploads\/2022\/03\/IMG_7969-scaled-e1646489470574-300x200.jpg 300w, https:\/\/www.anne-frank-gymnasium.de\/wp-content\/uploads\/2022\/03\/IMG_7969-scaled-e1646489470574-768x511.jpg 768w, https:\/\/www.anne-frank-gymnasium.de\/wp-content\/uploads\/2022\/03\/IMG_7969-scaled-e1646489470574-1536x1022.jpg 1536w, https:\/\/www.anne-frank-gymnasium.de\/wp-content\/uploads\/2022\/03\/IMG_7969-scaled-e1646489470574-2048x1363.jpg 2048w, https:\/\/www.anne-frank-gymnasium.de\/wp-content\/uploads\/2022\/03\/IMG_7969-scaled-e1646489470574-870x579.jpg 870w\" sizes=\"auto, (max-width: 870px) 100vw, 870px\" \/><\/p>\n<p><img loading=\"lazy\" decoding=\"async\" class=\"aligncenter wp-image-13982 size-large\" src=\"https:\/\/www.anne-frank-gymnasium.de\/wp-content\/uploads\/2022\/03\/IMG_8005-scaled-e1646488740691-1024x684.jpg\" alt=\"\" width=\"870\" height=\"581\" srcset=\"https:\/\/www.anne-frank-gymnasium.de\/wp-content\/uploads\/2022\/03\/IMG_8005-scaled-e1646488740691-1024x684.jpg 1024w, https:\/\/www.anne-frank-gymnasium.de\/wp-content\/uploads\/2022\/03\/IMG_8005-scaled-e1646488740691-300x200.jpg 300w, https:\/\/www.anne-frank-gymnasium.de\/wp-content\/uploads\/2022\/03\/IMG_8005-scaled-e1646488740691-768x513.jpg 768w, https:\/\/www.anne-frank-gymnasium.de\/wp-content\/uploads\/2022\/03\/IMG_8005-scaled-e1646488740691-1536x1026.jpg 1536w, https:\/\/www.anne-frank-gymnasium.de\/wp-content\/uploads\/2022\/03\/IMG_8005-scaled-e1646488740691-2048x1369.jpg 2048w, https:\/\/www.anne-frank-gymnasium.de\/wp-content\/uploads\/2022\/03\/IMG_8005-scaled-e1646488740691-870x581.jpg 870w\" sizes=\"auto, (max-width: 870px) 100vw, 870px\" \/><\/p>\n<p><img loading=\"lazy\" decoding=\"async\" class=\"aligncenter wp-image-13996 size-large\" src=\"https:\/\/www.anne-frank-gymnasium.de\/wp-content\/uploads\/2022\/03\/IMG_7962-1024x683.jpg\" alt=\"\" width=\"870\" height=\"580\" srcset=\"https:\/\/www.anne-frank-gymnasium.de\/wp-content\/uploads\/2022\/03\/IMG_7962-1024x683.jpg 1024w, https:\/\/www.anne-frank-gymnasium.de\/wp-content\/uploads\/2022\/03\/IMG_7962-300x200.jpg 300w, https:\/\/www.anne-frank-gymnasium.de\/wp-content\/uploads\/2022\/03\/IMG_7962-768x512.jpg 768w, https:\/\/www.anne-frank-gymnasium.de\/wp-content\/uploads\/2022\/03\/IMG_7962-1536x1024.jpg 1536w, https:\/\/www.anne-frank-gymnasium.de\/wp-content\/uploads\/2022\/03\/IMG_7962-2048x1365.jpg 2048w, https:\/\/www.anne-frank-gymnasium.de\/wp-content\/uploads\/2022\/03\/IMG_7962-870x580.jpg 870w\" sizes=\"auto, (max-width: 870px) 100vw, 870px\" \/><\/p>\n<p><img loading=\"lazy\" decoding=\"async\" class=\"aligncenter wp-image-13994 size-large\" src=\"https:\/\/www.anne-frank-gymnasium.de\/wp-content\/uploads\/2022\/03\/IMG_7960-1024x683.jpg\" alt=\"\" width=\"870\" height=\"580\" srcset=\"https:\/\/www.anne-frank-gymnasium.de\/wp-content\/uploads\/2022\/03\/IMG_7960-1024x683.jpg 1024w, https:\/\/www.anne-frank-gymnasium.de\/wp-content\/uploads\/2022\/03\/IMG_7960-300x200.jpg 300w, https:\/\/www.anne-frank-gymnasium.de\/wp-content\/uploads\/2022\/03\/IMG_7960-768x512.jpg 768w, https:\/\/www.anne-frank-gymnasium.de\/wp-content\/uploads\/2022\/03\/IMG_7960-1536x1024.jpg 1536w, https:\/\/www.anne-frank-gymnasium.de\/wp-content\/uploads\/2022\/03\/IMG_7960-2048x1365.jpg 2048w, https:\/\/www.anne-frank-gymnasium.de\/wp-content\/uploads\/2022\/03\/IMG_7960-870x580.jpg 870w\" sizes=\"auto, (max-width: 870px) 100vw, 870px\" \/><\/p>\n<p><img loading=\"lazy\" decoding=\"async\" class=\"aligncenter wp-image-13993 size-large\" src=\"https:\/\/www.anne-frank-gymnasium.de\/wp-content\/uploads\/2022\/03\/IMG_7959-1024x683.jpg\" alt=\"\" width=\"870\" height=\"580\" srcset=\"https:\/\/www.anne-frank-gymnasium.de\/wp-content\/uploads\/2022\/03\/IMG_7959-1024x683.jpg 1024w, https:\/\/www.anne-frank-gymnasium.de\/wp-content\/uploads\/2022\/03\/IMG_7959-300x200.jpg 300w, https:\/\/www.anne-frank-gymnasium.de\/wp-content\/uploads\/2022\/03\/IMG_7959-768x512.jpg 768w, https:\/\/www.anne-frank-gymnasium.de\/wp-content\/uploads\/2022\/03\/IMG_7959-1536x1024.jpg 1536w, https:\/\/www.anne-frank-gymnasium.de\/wp-content\/uploads\/2022\/03\/IMG_7959-2048x1365.jpg 2048w, https:\/\/www.anne-frank-gymnasium.de\/wp-content\/uploads\/2022\/03\/IMG_7959-870x580.jpg 870w\" sizes=\"auto, (max-width: 870px) 100vw, 870px\" \/><\/p>\n","protected":false},"excerpt":{"rendered":"<\/p>\n<p>Wozu es f\u00fchren kann, wenn ein Mensch zu viel Macht \u00fcber andere Menschen hat, k\u00f6nnen wir gerade wieder schmerzlich in der Ukraine sehen. Viele Menschen in Deutschland f\u00fchlen sich unterdessen erinnert an Vorg\u00e4nge aus der Geschichte der Weimarer Republik und des Nationalsozialismus. In der sch\u00f6nen Bibliothek des Schulzentrums ist aktuell die Wanderaustellung &#8222;Aachen 1933&#8243; &hellip; <\/p>\n<p><a class=\"more-link btn\" href=\"https:\/\/www.anne-frank-gymnasium.de\/?p=13980\">Weiterlesen<\/a><\/p>\n","protected":false},"author":12,"featured_media":13994,"comment_status":"closed","ping_status":"closed","sticky":false,"template":"","format":"standard","meta":{"footnotes":""},"categories":[52,86],"tags":[],"class_list":["post-13980","post","type-post","status-publish","format-standard","has-post-thumbnail","hentry","category-anne-frank","category-bibliothek","nodate","item-wrap"],"_links":{"self":[{"href":"https:\/\/www.anne-frank-gymnasium.de\/index.php?rest_route=\/wp\/v2\/posts\/13980","targetHints":{"allow":["GET"]}}],"collection":[{"href":"https:\/\/www.anne-frank-gymnasium.de\/index.php?rest_route=\/wp\/v2\/posts"}],"about":[{"href":"https:\/\/www.anne-frank-gymnasium.de\/index.php?rest_route=\/wp\/v2\/types\/post"}],"author":[{"embeddable":true,"href":"https:\/\/www.anne-frank-gymnasium.de\/index.php?rest_route=\/wp\/v2\/users\/12"}],"replies":[{"embeddable":true,"href":"https:\/\/www.anne-frank-gymnasium.de\/index.php?rest_route=%2Fwp%2Fv2%2Fcomments&post=13980"}],"version-history":[{"count":14,"href":"https:\/\/www.anne-frank-gymnasium.de\/index.php?rest_route=\/wp\/v2\/posts\/13980\/revisions"}],"predecessor-version":[{"id":13995,"href":"https:\/\/www.anne-frank-gymnasium.de\/index.php?rest_route=\/wp\/v2\/posts\/13980\/revisions\/13995"}],"wp:featuredmedia":[{"embeddable":true,"href":"https:\/\/www.anne-frank-gymnasium.de\/index.php?rest_route=\/wp\/v2\/media\/13994"}],"wp:attachment":[{"href":"https:\/\/www.anne-frank-gymnasium.de\/index.php?rest_route=%2Fwp%2Fv2%2Fmedia&parent=13980"}],"wp:term":[{"taxonomy":"category","embeddable":true,"href":"https:\/\/www.anne-frank-gymnasium.de\/index.php?rest_route=%2Fwp%2Fv2%2Fcategories&post=13980"},{"taxonomy":"post_tag","embeddable":true,"href":"https:\/\/www.anne-frank-gymnasium.de\/index.php?rest_route=%2Fwp%2Fv2%2Ftags&post=13980"}],"curies":[{"name":"wp","href":"https:\/\/api.w.org\/{rel}","templated":true}]}}