{"id":13754,"date":"2022-01-07T16:10:40","date_gmt":"2022-01-07T15:10:40","guid":{"rendered":"https:\/\/www.anne-frank-gymnasium.de\/?p=13754"},"modified":"2022-01-07T16:11:24","modified_gmt":"2022-01-07T15:11:24","slug":"unterrichtsbeginn-nach-den-weihnachtsferien","status":"publish","type":"post","link":"https:\/\/www.anne-frank-gymnasium.de\/?p=13754","title":{"rendered":"Unterrichtsbeginn nach den Weihnachtsferien"},"content":{"rendered":"<p>Liebe Eltern, liebe Sch\u00fclerinnen und Sch\u00fcler,<\/p>\n<p>wie Sie \/ Ihr sicherlich schon aus den Medien erfahren habt, beginnt der Unterricht nach den Ferien planm\u00e4\u00dfig. Der Unterrichtstag startet f\u00fcr alle Sch\u00fclerinnen und Sch\u00fcler, aber auch f\u00fcr alle Lehrkr\u00e4fte und sonstige MitarbeiterInnen in der Schule mit einem Corona-Test. Es bestehen weiterhin die gewohnten Hygieneregeln und die Maskenpflicht im gesamten Schulgeb\u00e4ude.<\/p>\n<p>Ich w\u00fcnsche allen einen guten Start und ein erfolgreiches Jahr 2022.<\/p>\n<p>Ihr \/Euer Schulleiter W. Gurzan<\/p>\n","protected":false},"excerpt":{"rendered":"<p>Liebe Eltern, liebe Sch\u00fclerinnen und Sch\u00fcler,<\/p>\n<p>wie Sie \/ Ihr sicherlich schon aus den Medien erfahren habt, beginnt der Unterricht nach den Ferien planm\u00e4\u00dfig. Der Unterrichtstag startet f\u00fcr alle Sch\u00fclerinnen und Sch\u00fcler, aber auch f\u00fcr alle Lehrkr\u00e4fte und sonstige MitarbeiterInnen in der Schule mit einem Corona-Test. Es bestehen weiterhin die gewohnten Hygieneregeln und die Maskenpflicht &hellip; <\/p>\n<p><a class=\"more-link btn\" href=\"https:\/\/www.anne-frank-gymnasium.de\/?p=13754\">Weiterlesen<\/a><\/p>\n","protected":false},"author":11,"featured_media":0,"comment_status":"closed","ping_status":"closed","sticky":false,"template":"","format":"standard","meta":{"footnotes":""},"categories":[1],"tags":[],"class_list":["post-13754","post","type-post","status-publish","format-standard","hentry","category-allgemein","nodate","item-wrap"],"_links":{"self":[{"href":"https:\/\/www.anne-frank-gymnasium.de\/index.php?rest_route=\/wp\/v2\/posts\/13754","targetHints":{"allow":["GET"]}}],"collection":[{"href":"https:\/\/www.anne-frank-gymnasium.de\/index.php?rest_route=\/wp\/v2\/posts"}],"about":[{"href":"https:\/\/www.anne-frank-gymnasium.de\/index.php?rest_route=\/wp\/v2\/types\/post"}],"author":[{"embeddable":true,"href":"https:\/\/www.anne-frank-gymnasium.de\/index.php?rest_route=\/wp\/v2\/users\/11"}],"replies":[{"embeddable":true,"href":"https:\/\/www.anne-frank-gymnasium.de\/index.php?rest_route=%2Fwp%2Fv2%2Fcomments&post=13754"}],"version-history":[{"count":2,"href":"https:\/\/www.anne-frank-gymnasium.de\/index.php?rest_route=\/wp\/v2\/posts\/13754\/revisions"}],"predecessor-version":[{"id":13756,"href":"https:\/\/www.anne-frank-gymnasium.de\/index.php?rest_route=\/wp\/v2\/posts\/13754\/revisions\/13756"}],"wp:attachment":[{"href":"https:\/\/www.anne-frank-gymnasium.de\/index.php?rest_route=%2Fwp%2Fv2%2Fmedia&parent=13754"}],"wp:term":[{"taxonomy":"category","embeddable":true,"href":"https:\/\/www.anne-frank-gymnasium.de\/index.php?rest_route=%2Fwp%2Fv2%2Fcategories&post=13754"},{"taxonomy":"post_tag","embeddable":true,"href":"https:\/\/www.anne-frank-gymnasium.de\/index.php?rest_route=%2Fwp%2Fv2%2Ftags&post=13754"}],"curies":[{"name":"wp","href":"https:\/\/api.w.org\/{rel}","templated":true}]}}