{"id":12899,"date":"2021-05-10T09:50:53","date_gmt":"2021-05-10T07:50:53","guid":{"rendered":"https:\/\/www.anne-frank-gymnasium.de\/?p=12899"},"modified":"2021-05-10T17:42:11","modified_gmt":"2021-05-10T15:42:11","slug":"it-know-how-aus-erster-hand-das-afg-kooperiert-mit-inform","status":"publish","type":"post","link":"https:\/\/www.anne-frank-gymnasium.de\/?p=12899","title":{"rendered":"IT-Know-how aus erster Hand: Das AFG kooperiert mit INFORM"},"content":{"rendered":"<p><a href=\"https:\/\/www.anne-frank-gymnasium.de\/wp-content\/uploads\/2021\/05\/INFORM-INHOUSE-2-34.jpg\"><img loading=\"lazy\" decoding=\"async\" class=\"alignnone wp-image-12900 size-large\" src=\"https:\/\/www.anne-frank-gymnasium.de\/wp-content\/uploads\/2021\/05\/INFORM-INHOUSE-2-34-1024x576.jpg\" alt=\"\" width=\"870\" height=\"489\" \/><\/a><\/p>\n<p style=\"text-align: right;\"><span style=\"font-size: 10pt;\">(Foto: Coral Reef)<\/span><\/p>\n<p style=\"text-align: justify;\">Die <strong>Corona-Krise<\/strong> bringt zahlreiche Herausforderungen f\u00fcr die weltweite Schullandschaft mit sich. <strong>Digitales Arbeiten<\/strong> ist l\u00e4ngst kein exotischer Luxus mehr, sondern mittlerweile t\u00e4gliche Routine und fester Bestandteil des schulischen Lernens in der Pandemie-Zeit. Wir als Schule sch\u00e4tzen uns daher besonders gl\u00fccklich, dass wir ausgerechnet mitten im Lockdown einen <strong>neuen Kooperationspartner f\u00fcr das AFG<\/strong> gewinnen konnten, der in Aachen seit \u00fcber 50 Jahren als IT-Pionier und feste Gr\u00f6\u00dfe gilt.<\/p>\n<p style=\"text-align: justify;\"><strong>INFORM<\/strong> ist nicht umsonst im h\u00e4ufig als <strong>\u201eSilicon Valley Aachens\u201c<\/strong> umschriebenen Standort in der <strong>Pascalstra\u00dfe in Oberforstbach<\/strong> ans\u00e4ssig. Das Unternehmen beschreibt sich selbst folgenderma\u00dfen: <strong>\u201eINFORM ist spezialisiert auf Software mit intelligenter Optimierungslogik zur Produktivit\u00e4tssteigerung von Betriebsprozessen.\u201c<\/strong> Die Einsatzbereiche der Software sind vielf\u00e4ltig: Von Logistik \u00fcber Supply-Chain, Produktion, Workforce, Aviation und Automotive bis hin zur Betrugspr\u00e4vention. Kunden finden sich weltweit vom klassischen Mittelstand bis hin zum gro\u00dfen Konzern.<\/p>\n<p style=\"text-align: justify;\">Die Lernpartnerschaft ist\u00a0<a href=\"https:\/\/www.kurs-koeln.de\/\">im Rahmen der Initiative KURS (\u201eKooperationsnetz Unternehmen der Region und Schulen\u201c)<\/a>\u00a0entstanden. W\u00e4hrend noch erste Kooperationsgespr\u00e4che bei uns vor Ort in der Schule stattgefunden hatten, f\u00fchrte das Voranschreiten der Pandemie dazu, dass der weitere Austausch per Videokonferenz erfolgte \u2013 f\u00fcr uns Lehrkr\u00e4fte zu diesem Zeitpunkt bereits kein Neuland mehr, f\u00fcr die Kolleg*innen bei INFORM schon l\u00e4ngst Standard.<\/p>\n<p style=\"text-align: justify;\">Unsere Sch\u00fclerinnen und Sch\u00fcler profitieren zuk\u00fcnftig vor allem im <strong>Fach Informatik<\/strong>: Neben (vorerst digitalen) Expertenbesuchen im Unterricht sind auch Ma\u00dfnahmen zur<strong> IT-M\u00e4dchenf\u00f6rderung<\/strong> in Form einer Unterrichtsreihe mit Lego-Robotern geplant. Besonders IT-affine Sch\u00fcler*innen k\u00f6nnen am unternehmenseigenen App-Camp teilnehmen, bei dem eigene Anwendungen entwickelt werden. Den <strong>zuk\u00fcnftigen 5. Klassen<\/strong> wird ein vom Unternehmen konzipiertes <strong>Lernheft<\/strong> zu den Themenbereichen Geld und digitale Zahlungsmittel sowie Betrugspr\u00e4vention zur Verf\u00fcgung gestellt. Sch\u00fcler*innen aus der Q1 k\u00f6nnen fortan <strong>Facharbeiten<\/strong> zu unternehmensrelevanten Themen oder das Unternehmen selbst verfassen und dabei auf eine entsprechende Betreuung durch INFORM-Expert*innen z\u00e4hlen.<\/p>\n<p><img loading=\"lazy\" decoding=\"async\" class=\"size-medium wp-image-12901 alignright\" src=\"https:\/\/www.anne-frank-gymnasium.de\/wp-content\/uploads\/2021\/05\/INFORM_RGB-HZweiss-1-300x107.png\" alt=\"\" width=\"300\" height=\"107\" srcset=\"https:\/\/www.anne-frank-gymnasium.de\/wp-content\/uploads\/2021\/05\/INFORM_RGB-HZweiss-1-300x107.png 300w, https:\/\/www.anne-frank-gymnasium.de\/wp-content\/uploads\/2021\/05\/INFORM_RGB-HZweiss-1-1024x366.png 1024w, https:\/\/www.anne-frank-gymnasium.de\/wp-content\/uploads\/2021\/05\/INFORM_RGB-HZweiss-1-768x274.png 768w, https:\/\/www.anne-frank-gymnasium.de\/wp-content\/uploads\/2021\/05\/INFORM_RGB-HZweiss-1-1536x549.png 1536w, https:\/\/www.anne-frank-gymnasium.de\/wp-content\/uploads\/2021\/05\/INFORM_RGB-HZweiss-1-870x311.png 870w, https:\/\/www.anne-frank-gymnasium.de\/wp-content\/uploads\/2021\/05\/INFORM_RGB-HZweiss-1.png 1680w\" sizes=\"auto, (max-width: 300px) 100vw, 300px\" \/><\/p>\n<p style=\"text-align: justify;\">Auch im Bereich der <strong>Studien- und Berufswahlorientierung<\/strong> wird dem AFG einiges geboten: Neben Berufsfelderkundungspl\u00e4tzen in Klasse 8 und dem 2-w\u00f6chigen Betriebspraktikum in der EF werden im Informatikunterricht (duale) Ausbildungs- und Studierm\u00f6glichkeiten f\u00fcr die Berufsfelder Softwareentwicklung, Anwendungsentwicklung und Systemintegration vorgestellt.<\/p>\n<p style=\"text-align: justify;\">Wir freuen uns auf die Zusammenarbeit!<\/p>\n<p style=\"text-align: justify;\">Felix Meisel<\/p>\n<p style=\"text-align: justify;\"><strong>Weitere Informationen<\/strong> zu INFORM: <a href=\"https:\/\/www.inform-software.de\/\">https:\/\/www.inform-software.de\/<\/a><\/p>\n<p>&nbsp;<\/p>\n<p><span style=\"color: #9538c5;\">\u00a0<\/span><\/p>\n","protected":false},"excerpt":{"rendered":"<p><a href=\"https:\/\/www.anne-frank-gymnasium.de\/wp-content\/uploads\/2021\/05\/INFORM-INHOUSE-2-34.jpg\"><\/a><\/p>\n<p style=\"text-align: right;\">(Foto: Coral Reef)<\/p>\n<p style=\"text-align: justify;\">Die Corona-Krise bringt zahlreiche Herausforderungen f\u00fcr die weltweite Schullandschaft mit sich. Digitales Arbeiten ist l\u00e4ngst kein exotischer Luxus mehr, sondern mittlerweile t\u00e4gliche Routine und fester Bestandteil des schulischen Lernens in der Pandemie-Zeit. Wir als Schule sch\u00e4tzen uns daher besonders gl\u00fccklich, dass wir ausgerechnet mitten im Lockdown &hellip; <\/p>\n<p><a class=\"more-link btn\" href=\"https:\/\/www.anne-frank-gymnasium.de\/?p=12899\">Weiterlesen<\/a><\/p>\n","protected":false},"author":10,"featured_media":0,"comment_status":"closed","ping_status":"closed","sticky":false,"template":"","format":"standard","meta":{"footnotes":""},"categories":[36,66,55],"tags":[],"class_list":["post-12899","post","type-post","status-publish","format-standard","hentry","category-slider","category-fach-informatik","category-stubo","nodate","item-wrap"],"_links":{"self":[{"href":"https:\/\/www.anne-frank-gymnasium.de\/index.php?rest_route=\/wp\/v2\/posts\/12899","targetHints":{"allow":["GET"]}}],"collection":[{"href":"https:\/\/www.anne-frank-gymnasium.de\/index.php?rest_route=\/wp\/v2\/posts"}],"about":[{"href":"https:\/\/www.anne-frank-gymnasium.de\/index.php?rest_route=\/wp\/v2\/types\/post"}],"author":[{"embeddable":true,"href":"https:\/\/www.anne-frank-gymnasium.de\/index.php?rest_route=\/wp\/v2\/users\/10"}],"replies":[{"embeddable":true,"href":"https:\/\/www.anne-frank-gymnasium.de\/index.php?rest_route=%2Fwp%2Fv2%2Fcomments&post=12899"}],"version-history":[{"count":2,"href":"https:\/\/www.anne-frank-gymnasium.de\/index.php?rest_route=\/wp\/v2\/posts\/12899\/revisions"}],"predecessor-version":[{"id":12903,"href":"https:\/\/www.anne-frank-gymnasium.de\/index.php?rest_route=\/wp\/v2\/posts\/12899\/revisions\/12903"}],"wp:attachment":[{"href":"https:\/\/www.anne-frank-gymnasium.de\/index.php?rest_route=%2Fwp%2Fv2%2Fmedia&parent=12899"}],"wp:term":[{"taxonomy":"category","embeddable":true,"href":"https:\/\/www.anne-frank-gymnasium.de\/index.php?rest_route=%2Fwp%2Fv2%2Fcategories&post=12899"},{"taxonomy":"post_tag","embeddable":true,"href":"https:\/\/www.anne-frank-gymnasium.de\/index.php?rest_route=%2Fwp%2Fv2%2Ftags&post=12899"}],"curies":[{"name":"wp","href":"https:\/\/api.w.org\/{rel}","templated":true}]}}