{"id":12761,"date":"2021-03-15T10:38:09","date_gmt":"2021-03-15T09:38:09","guid":{"rendered":"https:\/\/www.anne-frank-gymnasium.de\/?p=12761"},"modified":"2021-04-22T20:07:21","modified_gmt":"2021-04-22T18:07:21","slug":"mint-ag-ueberzeugt-bei-jugend-forscht","status":"publish","type":"post","link":"https:\/\/www.anne-frank-gymnasium.de\/?p=12761","title":{"rendered":"MINT-AG \u00fcberzeugt bei Jugend Forscht"},"content":{"rendered":"<p style=\"text-align: justify;\"><a href=\"https:\/\/www.anne-frank-gymnasium.de\/wp-content\/uploads\/2021\/03\/Schabenspray.jpg\"><img loading=\"lazy\" decoding=\"async\" class=\"alignnone wp-image-12762 size-full\" src=\"https:\/\/www.anne-frank-gymnasium.de\/wp-content\/uploads\/2021\/03\/Schabenspray.jpg\" alt=\"\" width=\"1903\" height=\"1080\" \/><\/a><\/p>\n<p style=\"text-align: justify;\">Unter dem <strong>Motto \u201eLass Zukunft da\u201c<\/strong> fand auch in diesem Jahr am <strong>26. Februar<\/strong> wieder der Regionalwettbewerb von Jugend forscht statt. Wie jedes Jahr war das Forschungszentrum J\u00fclich der Ausrichter des Wettbewerbs. Aufgrund der Corona-Pandemie fand der Wettbewerb in diesem Jahr erstmals vollst\u00e4ndig digital statt.<\/p>\n<p style=\"text-align: justify;\">Die Sch\u00fclerinnen und Sch\u00fcler der <strong>MINT-AG<\/strong> hatten sich wieder spannende Projekte \u00fcberlegt, mit denen sie sich mit den Projekten anderer Jungforscher messen wollten. Einigen Projekten machte der Lockdown ein Strich durch die Rechnung, sodass die Experimente in der AG noch nicht finalisiert werden konnten.<\/p>\n<p style=\"text-align: justify;\">Am Ball geblieben sind die beiden Sch\u00fcler <strong>Henrik Gudenoge<\/strong> und <strong>Filip Djordjevic<\/strong> aus der <strong>Klasse 7a<\/strong>. Viele Stunden haben die beiden in Videokonferenzen verbracht, um ihr <strong>Projekt \u201eSchabenspray\u201c<\/strong> zu vervollst\u00e4ndigen. Ziel war es einen Duftstoff zu entwickeln, der Schaben auf ganz nat\u00fcrlicher Weise von hygienischen Orten, wie zum Beispiel der K\u00fcche, fernh\u00e4lt.<\/p>\n<p style=\"text-align: justify;\">Durch Recherchearbeiten fanden Henrik und Filip heraus, dass die \u00d6le aus den Bl\u00e4ttern der Lorbeerpflanze eine abweisende Wirkung gegen Schaben haben. Und dies best\u00e4tigte sich bei Experimenten in der Schule tats\u00e4chlich, in denen die Schaben sogar ihre geliebten Pl\u00e4tze in der Dunkelheit verlie\u00dfen, um den Duftstoffen der \u00d6le zu entkommen.<\/p>\n<p style=\"text-align: justify;\">Besonders stolz sind Henrik und Filip auf die <strong>Nat\u00fcrlichkeit<\/strong> ihres entwickelten Schabensprays. So kommen keine Chemikalien zum Einsatz und die Schaben werden lediglich vertrieben und weder verletzt noch get\u00f6tet.<\/p>\n<p style=\"text-align: justify;\">Dies \u00fcberzeugte auch die Wettbewerbsjury von Jugend forscht. Nach einem langen Tag inklusive Vorstellung des Projekts vor der Jury fand die Laudatorin bei der Siegerehrung am Abend nur positive Worte \u00fcber das Projekt. Idee, Umsetzung und allen voran der sehr konkrete und n\u00fctzliche Lebensweltbezug beeindruckten die Jury. So erhielten Henrik und Filip f\u00fcr ihr Projekt einen gro\u00dfartigen <strong>2. Preis<\/strong> im Fachbereich Biologie. Als Bonus wurde ihnen noch der <strong>Sonderpreis Umwelttechnik<\/strong>, gesponsert von der Deutschen Bundesstiftung Umwelt, verliehen.<\/p>\n<p style=\"text-align: justify;\">Gerade wegen des Coronavirus verdient diese Leistung einen besonderen Respekt. Von unserer Seite bleibt uns an dieser Stelle nur noch zu sagen: <strong>Herzlichen Gl\u00fcckwunsch!<\/strong><\/p>\n<p style=\"text-align: justify;\"><span style=\"font-size: 10pt;\">David Sch\u00e4fer, Luca Canalella und Timo Geiser<\/span><\/p>\n","protected":false},"excerpt":{"rendered":"<p style=\"text-align: justify;\"><a href=\"https:\/\/www.anne-frank-gymnasium.de\/wp-content\/uploads\/2021\/03\/Schabenspray.jpg\"><\/a><\/p>\n<p style=\"text-align: justify;\">Unter dem Motto \u201eLass Zukunft da\u201c fand auch in diesem Jahr am 26. Februar wieder der Regionalwettbewerb von Jugend forscht statt. Wie jedes Jahr war das Forschungszentrum J\u00fclich der Ausrichter des Wettbewerbs. Aufgrund der Corona-Pandemie fand der Wettbewerb in diesem Jahr erstmals vollst\u00e4ndig digital statt.<\/p>\n<p style=\"text-align: justify;\">Die Sch\u00fclerinnen &hellip; <\/p>\n<p><a class=\"more-link btn\" href=\"https:\/\/www.anne-frank-gymnasium.de\/?p=12761\">Weiterlesen<\/a><\/p>\n","protected":false},"author":10,"featured_media":0,"comment_status":"closed","ping_status":"closed","sticky":false,"template":"","format":"standard","meta":{"footnotes":""},"categories":[58,36,67],"tags":[],"class_list":["post-12761","post","type-post","status-publish","format-standard","hentry","category-ags","category-slider","category-fach-biologie","nodate","item-wrap"],"_links":{"self":[{"href":"https:\/\/www.anne-frank-gymnasium.de\/index.php?rest_route=\/wp\/v2\/posts\/12761","targetHints":{"allow":["GET"]}}],"collection":[{"href":"https:\/\/www.anne-frank-gymnasium.de\/index.php?rest_route=\/wp\/v2\/posts"}],"about":[{"href":"https:\/\/www.anne-frank-gymnasium.de\/index.php?rest_route=\/wp\/v2\/types\/post"}],"author":[{"embeddable":true,"href":"https:\/\/www.anne-frank-gymnasium.de\/index.php?rest_route=\/wp\/v2\/users\/10"}],"replies":[{"embeddable":true,"href":"https:\/\/www.anne-frank-gymnasium.de\/index.php?rest_route=%2Fwp%2Fv2%2Fcomments&post=12761"}],"version-history":[{"count":1,"href":"https:\/\/www.anne-frank-gymnasium.de\/index.php?rest_route=\/wp\/v2\/posts\/12761\/revisions"}],"predecessor-version":[{"id":12763,"href":"https:\/\/www.anne-frank-gymnasium.de\/index.php?rest_route=\/wp\/v2\/posts\/12761\/revisions\/12763"}],"wp:attachment":[{"href":"https:\/\/www.anne-frank-gymnasium.de\/index.php?rest_route=%2Fwp%2Fv2%2Fmedia&parent=12761"}],"wp:term":[{"taxonomy":"category","embeddable":true,"href":"https:\/\/www.anne-frank-gymnasium.de\/index.php?rest_route=%2Fwp%2Fv2%2Fcategories&post=12761"},{"taxonomy":"post_tag","embeddable":true,"href":"https:\/\/www.anne-frank-gymnasium.de\/index.php?rest_route=%2Fwp%2Fv2%2Ftags&post=12761"}],"curies":[{"name":"wp","href":"https:\/\/api.w.org\/{rel}","templated":true}]}}