{"id":12649,"date":"2020-12-22T19:34:26","date_gmt":"2020-12-22T18:34:26","guid":{"rendered":"https:\/\/www.anne-frank-gymnasium.de\/?p=12649"},"modified":"2020-12-22T19:34:26","modified_gmt":"2020-12-22T18:34:26","slug":"hoop-en-wanhoop-aan-weerszijden-van-de-grens","status":"publish","type":"post","link":"https:\/\/www.anne-frank-gymnasium.de\/?p=12649","title":{"rendered":"Hoop en Wanhoop \u2013 Aan weerszijden van de grens"},"content":{"rendered":"<p style=\"text-align: justify;\"><strong>Hoffnung und Verzweiflung \u2013 Auf beiden Seiten der Grenze<\/strong><\/p>\n<p style=\"text-align: justify;\">Vom 1.-3. Juli 2019 fand in Maastricht das Projekt \u201e<strong>75 Jahre Befreiung und Demokratie\u201c statt<\/strong>, wobei sich Sch\u00fclerinnen und Sch\u00fcler der damaligen Jahrgangsstufen EF und Q1 des <strong>Anne Frank Gymnasiums<\/strong>, sowie Gleichaltrige aus dem <strong>Bernadinuscollege in Heerlen<\/strong> getroffen haben, um die Spuren des 2. Weltkrieges zu verfolgen.<br \/>\nZiel des Projekts war es, die Sch\u00fcler\/innen im Hinblick auf den 2. Weltkrieg zu sensibilisieren und sie so auf <strong>Interviews mit Zeitzeugen<\/strong> vorzubereiten. Zu dieser Vorbereitung z\u00e4hlte beispielsweise eine Stadtf\u00fchrung in Maastricht, die von einem niederl\u00e4ndischen Historiker geleitet wurde, der so die Bedeutung vieler Orte hinsichtlich geschichtlicher Aspekte erl\u00e4utern konnte. Au\u00dferdem wurden bereits einige Vortr\u00e4ge von Zeitzeugen angeh\u00f6rt, die so bereits pers\u00f6nliche Einblicke geboten haben.<br \/>\nIn den kommenden Monaten wurden nun weitere Interviews gef\u00fchrt, bei denen Zeitzeugen, die meist als Kinder den zweiten Weltkrieg erlebt haben, \u00fcber ihre Erfahrungen berichten.<br \/>\nMithilfe dieser Interviews und anderer von Sch\u00fclern der St\u00e4dteregion Aachen erschienen im November 2020 \u2013 wegen der Coronapandemie leicht versp\u00e4tet \u2013 anl\u00e4sslich des 75-j\u00e4hrigen Jubil\u00e4ums der Befreiung der Niederlande \u2013 d<strong>as Buch Hoop en Wanhoop \u2013 Aan weerszijden van de grens \/\/Hoffnung und Verzweiflung \u2013 Auf beiden Seiten der Grenze.<\/strong><br \/>\nHerausgeber war das <strong>Comit\u1f7375 jaar Vrijheid en Democratie<\/strong>, das eine Arbeitsgruppe der Heemkundevereniging (Heimatkundevereinigung) \u201eDe Bongard\u201c in Simpelveld ist. Mit finanzieller Hilfe durch die Provinz Limburg und das Land Nordrhein-Westfalen und vielen Kooperationspartnern auf beiden Seiten der Grenze konnte dieses zweisprachige Buchprojekt realisiert werden.<br \/>\n<strong>Mehrere Exemplare des Buches sind in unserer Bibliothek zu finden.<\/strong><br \/>\nDas Buch ist nicht im Handel erh\u00e4ltlich, kann aber auch zum Preis von 29,95\u20ac unter der Mailadresse DeBongard@hotmail.com bestellt werden.<\/p>\n<p style=\"text-align: justify;\">Am Projekt waren folgende Sch\u00fcler des Anne-Frank-Gymnasiums beteiligt:<br \/>\nJoanna Merx, Lara Sch\u00e4fer, Greta Oster, Lena F\u00f6rster, Lena von Boheemen, Franka Micke (Abi 2020)<br \/>\nElias Schalla, Lisa Beeretz, Hendrik Faber (Abi 2021)<\/p>\n<p style=\"text-align: justify;\"><span style=\"font-size: 10pt;\">Text von Joanna Merx, Lara Sch\u00e4fer, Greta Oster, Lena F\u00f6rster (Abi 2020) und Herrn Esser<\/span><\/p>\n","protected":false},"excerpt":{"rendered":"<p style=\"text-align: justify;\">Hoffnung und Verzweiflung \u2013 Auf beiden Seiten der Grenze<\/p>\n<p style=\"text-align: justify;\">Vom 1.-3. Juli 2019 fand in Maastricht das Projekt \u201e75 Jahre Befreiung und Demokratie\u201c statt, wobei sich Sch\u00fclerinnen und Sch\u00fcler der damaligen Jahrgangsstufen EF und Q1 des Anne Frank Gymnasiums, sowie Gleichaltrige aus dem Bernadinuscollege in Heerlen getroffen haben, um die Spuren &hellip; <\/p>\n<p><a class=\"more-link btn\" href=\"https:\/\/www.anne-frank-gymnasium.de\/?p=12649\">Weiterlesen<\/a><\/p>\n","protected":false},"author":10,"featured_media":0,"comment_status":"closed","ping_status":"closed","sticky":false,"template":"","format":"standard","meta":{"footnotes":""},"categories":[34],"tags":[],"class_list":["post-12649","post","type-post","status-publish","format-standard","hentry","category-fach-niederlaendisch","nodate","item-wrap"],"_links":{"self":[{"href":"https:\/\/www.anne-frank-gymnasium.de\/index.php?rest_route=\/wp\/v2\/posts\/12649","targetHints":{"allow":["GET"]}}],"collection":[{"href":"https:\/\/www.anne-frank-gymnasium.de\/index.php?rest_route=\/wp\/v2\/posts"}],"about":[{"href":"https:\/\/www.anne-frank-gymnasium.de\/index.php?rest_route=\/wp\/v2\/types\/post"}],"author":[{"embeddable":true,"href":"https:\/\/www.anne-frank-gymnasium.de\/index.php?rest_route=\/wp\/v2\/users\/10"}],"replies":[{"embeddable":true,"href":"https:\/\/www.anne-frank-gymnasium.de\/index.php?rest_route=%2Fwp%2Fv2%2Fcomments&post=12649"}],"version-history":[{"count":1,"href":"https:\/\/www.anne-frank-gymnasium.de\/index.php?rest_route=\/wp\/v2\/posts\/12649\/revisions"}],"predecessor-version":[{"id":12650,"href":"https:\/\/www.anne-frank-gymnasium.de\/index.php?rest_route=\/wp\/v2\/posts\/12649\/revisions\/12650"}],"wp:attachment":[{"href":"https:\/\/www.anne-frank-gymnasium.de\/index.php?rest_route=%2Fwp%2Fv2%2Fmedia&parent=12649"}],"wp:term":[{"taxonomy":"category","embeddable":true,"href":"https:\/\/www.anne-frank-gymnasium.de\/index.php?rest_route=%2Fwp%2Fv2%2Fcategories&post=12649"},{"taxonomy":"post_tag","embeddable":true,"href":"https:\/\/www.anne-frank-gymnasium.de\/index.php?rest_route=%2Fwp%2Fv2%2Ftags&post=12649"}],"curies":[{"name":"wp","href":"https:\/\/api.w.org\/{rel}","templated":true}]}}