{"id":11876,"date":"2020-08-27T16:48:59","date_gmt":"2020-08-27T14:48:59","guid":{"rendered":"https:\/\/www.anne-frank-gymnasium.de\/?p=11876"},"modified":"2020-08-27T16:57:14","modified_gmt":"2020-08-27T14:57:14","slug":"kunstwerke-des-monats-23","status":"publish","type":"post","link":"https:\/\/www.anne-frank-gymnasium.de\/?p=11876","title":{"rendered":"Kunstwerk(e) des Monats"},"content":{"rendered":"<p style=\"text-align: justify;\"><span style=\"font-size: 14.0pt; line-height: 150%;\">Im Kunstunterricht besch\u00e4ftigen wir uns aktuell mit Inszeniert<a href=\"https:\/\/www.anne-frank-gymnasium.de\/wp-content\/uploads\/2020\/08\/Der_neue_Sch\u00fcssel.jpg\"><img loading=\"lazy\" decoding=\"async\" class=\"size-medium wp-image-11879 alignright\" src=\"https:\/\/www.anne-frank-gymnasium.de\/wp-content\/uploads\/2020\/08\/Der_neue_Sch\u00fcssel-142x300.jpg\" alt=\"\" width=\"142\" height=\"300\" \/><\/a>er Fotografie und bekamen die Aufgabe eine Fotografie zu erstellen, die unsere aktuelle Situation hinsichtlich COVID-19 widerspiegelt. Wir h<a href=\"https:\/\/www.anne-frank-gymnasium.de\/wp-content\/uploads\/2020\/08\/7D2C85D8-BA1B-40EC-A2F3-83BAE61D6BA62-scaled.jpg\"><img loading=\"lazy\" decoding=\"async\" class=\"size-medium wp-image-11878 alignleft\" src=\"https:\/\/www.anne-frank-gymnasium.de\/wp-content\/uploads\/2020\/08\/7D2C85D8-BA1B-40EC-A2F3-83BAE61D6BA62-225x300.jpg\" alt=\"\" width=\"225\" height=\"300\" \/><\/a>aben uns dazu entschieden eine ausgelaufende Desinfektionsflasche vor einer T\u00fcr, die gerade ge\u00f6ffnet wird, als Motiv zu nehmen. Die <\/span><span style=\"font-size: 14.0pt; line-height: 150%;\">Desinfektionsflasche begleitet uns heutzutage \u00fcberall im Alltag. Man muss oft seine H\u00e4nde desinfizieren, um in manche L\u00e4den und weitere Einrichtungen eintreten zu d\u00fcrfen. Deshalb symbolisiert die Desinfektionsflasche den Schl\u00fcssel, den wir heutzutage ben\u00f6tigen, um viele T\u00fcren zu \u00f6ffnen. Das Bild ist grau gehalten um die depressive Stimmung zu vermitteln, der unsere Gesellschaft aufgrund der Einschr\u00e4nkungen die mit <a href=\"https:\/\/www.anne-frank-gymnasium.de\/wp-content\/uploads\/2020\/08\/FEE94D99-D330-4664-9BB2-DB541A8CE90C-scaled.jpeg\"><img loading=\"lazy\" decoding=\"async\" class=\"size-medium wp-image-11877 alignright\" src=\"https:\/\/www.anne-frank-gymnasium.de\/wp-content\/uploads\/2020\/08\/FEE94D99-D330-4664-9BB2-DB541A8CE90C-300x162.jpeg\" alt=\"\" width=\"300\" height=\"162\" \/><\/a>Corona einhergehen ausgesetzt ist. Der Bereich hinter der T\u00fcr ist bewusst verpixelt denn die Zukunft ist noch ungewiss und wir k\u00f6nnen nur vermuten wie es weitergehen wird.<\/span><\/p>\n<p class=\"Textbody\" style=\"line-height: 150%;\"><em><span style=\"font-size: 10pt;\"><span style=\"line-height: 150%;\">(Khaled Soutari, <\/span><span style=\"line-height: 150%;\">Bashaar Jarkas, <\/span><span style=\"line-height: 150%;\">Enrico Demmer, <\/span><span style=\"line-height: 150%;\">Fabian Malenkovic)<\/span><\/span><\/em><\/p>\n<p><!--more--><\/p>\n<p style=\"text-align: justify;\"><strong><span style=\"font-size: 14pt;\">Graue stille Welt<\/span><\/strong><\/p>\n<p style=\"text-align: justify;\"><span style=\"font-size: 14pt;\">Jeder Sch\u00fcler kann nachvollziehen, wie es uns unter diesen aktuellen Umst\u00e4nden ergeht. Die Maske ist ein Teil unseres Alltags geworden \u2013 so haben wir gelernt mit dem Corona-Virus umzugehen.<\/span><\/p>\n<p style=\"text-align: justify;\"><span style=\"font-size: 14pt;\">Im Grundkurs Kunst der Q2 bei Frau von F\u00fcrstenberg haben wir uns mit inszenierter Fotografie in Bezug auf Corona auseinandergesetzt. Unter inszenierter Fotografie versteht man das geplante Zusammenstellen von Objekten in einem Raum, welche Emotionen bei dem Betrachter wecken sollen. Die erstellte Fotografie wird zuletzt digital bearbeitet, sodass der Fokus auf dem Motiv liegt.<\/span><\/p>\n<p style=\"text-align: justify;\"><span style=\"font-size: 14pt;\">Auf unserer Fotografie erkennt man eine strahlend blaue Maske, welche in einer Ranke befestigt ist. Wir haben uns gezielt daf\u00fcr entschieden die Maske farbig zu erhalten und die Pflanze, sowie den Hintergrund schwarz-wei\u00df zu f\u00e4rben. Die blaue Maske ist ein Motiv f\u00fcr die aktuelle Situation, w\u00e4hrend die schwarz-wei\u00dfe Pflanze an eine triste und stillstehende Welt erinnern soll. Dabei haben wir bewusst darauf geachtet, dass die Maske im Kontrast zu dem Hintergrund steht. W\u00e4hrend die Mund- Nasen Bedeckung die Aufmerksamkeit des Betrachters weckt, soll der Hintergrund an eine vergangene leblose Zeit erinnern. Auch die Rillen an der Decke sorgen f\u00fcr einen Kontrast, indem die symmetrischen Linien im Gegensatz zu der undefinierten Form der Pflanze stehen. Die symmetrischen Linien stehen f\u00fcr die geradlinige Vorstellung der Menschen f\u00fcr ihr Leben, welche durch die Form der Pflanze durchbrochen wird.<\/span><\/p>\n<p style=\"text-align: justify;\"><em><span style=\"font-size: 10pt;\">(Ida F\u00f6rster, Ann-Kathrin Gladysz)<\/span><\/em><\/p>\n<p>&nbsp;<\/p>\n<p style=\"text-align: justify;\"><strong><span style=\"font-size: 14pt;\">Keep Distance<\/span><\/strong><\/p>\n<p style=\"text-align: justify;\"><span style=\"font-size: 14pt;\">Mit unserer inszenierten Fotografie wollen wir die allgemeinen Auswirkungen von COVID-19 veranschaulichen. Besonderen Fokus haben wir auf die Abstandsregel und die Einsamkeit gelegt. Man muss nicht nur Abstand zu anderen Mitmenschen halten, es entsteht auch ein gewisser Abstand zu seinem alten Ich. Durch die Einsamkeit, in der Corona-Zeit, sind wir gezwungen uns immer mehr mit uns selbst auseinander zu setzen. Dadurch entdecken wir neue Seiten von uns.<\/span><\/p>\n<p style=\"text-align: justify;\"><span style=\"font-size: 14pt;\">Zun\u00e4chst haben wir ein Panorama gemacht um eine Person zweimal darstellen zu k\u00f6nnen. Um unsere Bildaussage zu verdeutlichen haben wir ,,Keep Distance\u201c mit einem graffiti-Effeckt an die Wand geschrieben. Au\u00dferdem haben wir einen schwarz-wei\u00df Filter benutzt um eine bedr\u00fcckte Stimmung auszudr\u00fccken.<\/span><\/p>\n<p><em><span style=\"font-size: 10pt;\">(Emma S., Ilayda C.)<\/span><\/em><\/p>\n","protected":false},"excerpt":{"rendered":"<p style=\"text-align: justify;\">Im Kunstunterricht besch\u00e4ftigen wir uns aktuell mit Inszeniert<a href=\"https:\/\/www.anne-frank-gymnasium.de\/wp-content\/uploads\/2020\/08\/Der_neue_Sch\u00fcssel.jpg\"><\/a>er Fotografie und bekamen die Aufgabe eine Fotografie zu erstellen, die unsere aktuelle Situation hinsichtlich COVID-19 widerspiegelt. Wir h<a href=\"https:\/\/www.anne-frank-gymnasium.de\/wp-content\/uploads\/2020\/08\/7D2C85D8-BA1B-40EC-A2F3-83BAE61D6BA62-scaled.jpg\"><\/a>aben uns dazu entschieden eine ausgelaufende Desinfektionsflasche vor einer T\u00fcr, die gerade ge\u00f6ffnet wird, als Motiv zu nehmen. Die Desinfektionsflasche begleitet uns heutzutage \u00fcberall im Alltag. &hellip; <\/p>\n<p><a class=\"more-link btn\" href=\"https:\/\/www.anne-frank-gymnasium.de\/?p=11876\">Weiterlesen<\/a><\/p>\n","protected":false},"author":10,"featured_media":0,"comment_status":"closed","ping_status":"closed","sticky":false,"template":"","format":"standard","meta":{"footnotes":""},"categories":[35],"tags":[],"class_list":["post-11876","post","type-post","status-publish","format-standard","hentry","category-kunst","nodate","item-wrap"],"_links":{"self":[{"href":"https:\/\/www.anne-frank-gymnasium.de\/index.php?rest_route=\/wp\/v2\/posts\/11876","targetHints":{"allow":["GET"]}}],"collection":[{"href":"https:\/\/www.anne-frank-gymnasium.de\/index.php?rest_route=\/wp\/v2\/posts"}],"about":[{"href":"https:\/\/www.anne-frank-gymnasium.de\/index.php?rest_route=\/wp\/v2\/types\/post"}],"author":[{"embeddable":true,"href":"https:\/\/www.anne-frank-gymnasium.de\/index.php?rest_route=\/wp\/v2\/users\/10"}],"replies":[{"embeddable":true,"href":"https:\/\/www.anne-frank-gymnasium.de\/index.php?rest_route=%2Fwp%2Fv2%2Fcomments&post=11876"}],"version-history":[{"count":6,"href":"https:\/\/www.anne-frank-gymnasium.de\/index.php?rest_route=\/wp\/v2\/posts\/11876\/revisions"}],"predecessor-version":[{"id":11885,"href":"https:\/\/www.anne-frank-gymnasium.de\/index.php?rest_route=\/wp\/v2\/posts\/11876\/revisions\/11885"}],"wp:attachment":[{"href":"https:\/\/www.anne-frank-gymnasium.de\/index.php?rest_route=%2Fwp%2Fv2%2Fmedia&parent=11876"}],"wp:term":[{"taxonomy":"category","embeddable":true,"href":"https:\/\/www.anne-frank-gymnasium.de\/index.php?rest_route=%2Fwp%2Fv2%2Fcategories&post=11876"},{"taxonomy":"post_tag","embeddable":true,"href":"https:\/\/www.anne-frank-gymnasium.de\/index.php?rest_route=%2Fwp%2Fv2%2Ftags&post=11876"}],"curies":[{"name":"wp","href":"https:\/\/api.w.org\/{rel}","templated":true}]}}